
			
				

					
				

			
		{"items":"\n\t\t\t\t\t\t\t\t\t\t\t\n<article id=\"post-12952\" class=\"wd-post blog-design-masonry blog-post-loop blog-style-bg wd-add-shadow wd-col post-12952 post type-post status-publish format-standard has-post-thumbnail hentry category-lekarske-novinky\">\n\t<div class=\"wd-post-inner article-inner\">\n\t\t\t\t\t<div class=\"wd-post-thumb entry-header\">\n\t\t\t\t\t\t\t\t\t<div class=\"wd-post-img post-img-wrapp\">\n\t\t\t\t\t\t<img width=\"1200\" height=\"800\" src=\"https:\/\/denthelen.com\/wp-content\/uploads\/2026\/01\/Screwless-Implant-in-Antalya.jpg\" class=\"attachment-full size-full\" alt=\"Bez\u0161roubov\u00fd implant\u00e1t v Antalyi\" decoding=\"async\" fetchpriority=\"high\" srcset=\"https:\/\/denthelen.com\/wp-content\/uploads\/2026\/01\/Screwless-Implant-in-Antalya.jpg 1200w, https:\/\/denthelen.com\/wp-content\/uploads\/2026\/01\/Screwless-Implant-in-Antalya-300x200.jpg 300w, https:\/\/denthelen.com\/wp-content\/uploads\/2026\/01\/Screwless-Implant-in-Antalya-1024x683.jpg 1024w, https:\/\/denthelen.com\/wp-content\/uploads\/2026\/01\/Screwless-Implant-in-Antalya-768x512.jpg 768w\" sizes=\"(max-width: 1200px) 100vw, 1200px\" \/>\t\t\t\t\t<\/div>\n\t\t\t\t\t\t\t\t\t\t<a class=\"wd-fill\" tabindex=\"-1\" href=\"https:\/\/denthelen.com\/cs\/screwless-implant-in-antalya\/\" aria-label=\"Link on post Bez\u0161roubov\u00fd implant\u00e1t v Antalyi | Pohodln\u00e1 a modern\u00ed zubn\u00ed p\u00e9\u010de\"><\/a>\n\t\t\t\t\n\t\t\t\t\t\t\t\t\t\t\t\t<link rel=\"stylesheet\" id=\"wd-post-types-mod-date-style-bg-css\" href=\"https:\/\/denthelen.com\/wp-content\/themes\/woodmart\/css\/parts\/post-types-mod-date-style-bg.min.css?ver=8.3.9\" type=\"text\/css\" media=\"all\" \/> \t\t\t\t\t\t<div class=\"wd-post-date wd-style-with-bg\">\n\t\t\t\t<span class=\"post-date-day\">\n\t\t\t\t\t18\t\t\t\t<\/span>\n\t\t\t\t<span class=\"post-date-month\">\n\t\t\t\t\tLed\t\t\t\t<\/span>\n\t\t\t<\/div>\n\t\t\t\t\t\t\t\t\t<\/div>\n\t\t\n\t\t<div class=\"wd-post-content article-body-container\">\n\t\t\t\n\t\t\t\t\t\t\t<h3 class=\"wd-post-title wd-entities-title title post-title\">\n\t\t\t\t\t<a href=\"https:\/\/denthelen.com\/cs\/screwless-implant-in-antalya\/\" rel=\"bookmark\">Bez\u0161roubov\u00fd implant\u00e1t v Antalyi | Pohodln\u00e1 a modern\u00ed zubn\u00ed p\u00e9\u010de<\/a>\n\t\t\t\t<\/h3>\n\t\t\t\n\t\t\t\n\t\t\t\t\t\t\t\t\t\t\t\t<div class=\"wd-post-excerpt entry-content\">\n\t\t\t\t\t\tCo je to bez\u0161roubov\u00fd zubn\u00ed implant\u00e1t a jak funguje?Pro\u010d se v Antalyi st\u00e1le v\u00edce pacient\u016f rozhoduje pro bez\u0161roubov\u00e9 implant\u00e1tyBez\u0161roubov...\t\t\t\t\t<\/div>\n\t\t\t\t\n\t\t\t\t\t\t\t\t\t\t\t\t\t\t<div class=\"wd-post-read-more wd-style-link read-more-section\">\n\t\t\t\t\t\t<a class=\"\" href=\"https:\/\/denthelen.com\/cs\/screwless-implant-in-antalya\/\">Pokra\u010dovat ve \u010dten\u00ed<\/a>\t\t\t\t\t<\/div>\n\t\t\t\t\t\t\t\t\t\t\t\t\t<\/div>\n\t<\/div>\n<\/article>\n\n\t\t\t\t\t\t\t\t\t\t\t\n<article id=\"post-12874\" class=\"wd-post blog-design-masonry blog-post-loop blog-style-bg wd-add-shadow wd-col post-12874 post type-post status-publish format-standard has-post-thumbnail hentry category-lekarske-novinky\">\n\t<div class=\"wd-post-inner article-inner\">\n\t\t\t\t\t<div class=\"wd-post-thumb entry-header\">\n\t\t\t\t\t\t\t\t\t<div class=\"wd-post-img post-img-wrapp\">\n\t\t\t\t\t\t<img width=\"1200\" height=\"800\" src=\"https:\/\/denthelen.com\/wp-content\/themes\/woodmart\/images\/lazy.svg\" class=\"attachment-full size-full wd-lazy-fade\" alt=\"Zubn\u00ed korunka Antalya\" decoding=\"async\" srcset=\"\" sizes=\"(max-width: 1200px) 100vw, 1200px\" data-src=\"https:\/\/denthelen.com\/wp-content\/uploads\/2026\/01\/Zubni-korunka.jpg\" data-srcset=\"https:\/\/denthelen.com\/wp-content\/uploads\/2026\/01\/Zubni-korunka.jpg 1200w, https:\/\/denthelen.com\/wp-content\/uploads\/2026\/01\/Zubni-korunka-300x200.jpg 300w, https:\/\/denthelen.com\/wp-content\/uploads\/2026\/01\/Zubni-korunka-1024x683.jpg 1024w, https:\/\/denthelen.com\/wp-content\/uploads\/2026\/01\/Zubni-korunka-768x512.jpg 768w\" \/>\t\t\t\t\t<\/div>\n\t\t\t\t\t\t\t\t\t\t<a class=\"wd-fill\" tabindex=\"-1\" href=\"https:\/\/denthelen.com\/cs\/zubni-korunka-cena-vymena-a-pojisteni-2026\/\" aria-label=\"Link on post Zubn\u00ed korunka \u2013 cena, v\u00fdm\u011bna a poji\u0161t\u011bn\u00ed\"><\/a>\n\t\t\t\t\n\t\t\t\t\t\t\t\t\t\t\t\t<div class=\"wd-post-date wd-style-with-bg\">\n\t\t\t\t<span class=\"post-date-day\">\n\t\t\t\t\t16\t\t\t\t<\/span>\n\t\t\t\t<span class=\"post-date-month\">\n\t\t\t\t\tLed\t\t\t\t<\/span>\n\t\t\t<\/div>\n\t\t\t\t\t\t\t\t\t<\/div>\n\t\t\n\t\t<div class=\"wd-post-content article-body-container\">\n\t\t\t\n\t\t\t\t\t\t\t<h3 class=\"wd-post-title wd-entities-title title post-title\">\n\t\t\t\t\t<a href=\"https:\/\/denthelen.com\/cs\/zubni-korunka-cena-vymena-a-pojisteni-2026\/\" rel=\"bookmark\">Zubn\u00ed korunka \u2013 cena, v\u00fdm\u011bna a poji\u0161t\u011bn\u00ed<\/a>\n\t\t\t\t<\/h3>\n\t\t\t\n\t\t\t\n\t\t\t\t\t\t\t\t\t\t\t\t<div class=\"wd-post-excerpt entry-content\">\n\t\t\t\t\t\tZubn\u00ed korunka pat\u0159\u00ed mezi nej\u010dast\u011bj\u0161\u00ed stomatologick\u00e1 \u0159e\u0161en\u00ed u pacient\u016f, kte\u0159\u00ed maj\u00ed po\u0161kozen\u00fd, oslaben\u00fd nebo esteticky nevyhovuj\u00edc\u00ed zub. ...\t\t\t\t\t<\/div>\n\t\t\t\t\n\t\t\t\t\t\t\t\t\t\t\t\t\t\t<div class=\"wd-post-read-more wd-style-link read-more-section\">\n\t\t\t\t\t\t<a class=\"\" href=\"https:\/\/denthelen.com\/cs\/zubni-korunka-cena-vymena-a-pojisteni-2026\/\">Pokra\u010dovat ve \u010dten\u00ed<\/a>\t\t\t\t\t<\/div>\n\t\t\t\t\t\t\t\t\t\t\t\t\t<\/div>\n\t<\/div>\n<\/article>\n\n\t\t\t\t\t\t\t\t\t\t\t\n<article id=\"post-12542\" class=\"wd-post blog-design-masonry blog-post-loop blog-style-bg wd-add-shadow wd-col post-12542 post type-post status-publish format-standard has-post-thumbnail hentry category-lekarske-novinky\">\n\t<div class=\"wd-post-inner article-inner\">\n\t\t\t\t\t<div class=\"wd-post-thumb entry-header\">\n\t\t\t\t\t\t\t\t\t<div class=\"wd-post-img post-img-wrapp\">\n\t\t\t\t\t\t<img width=\"1200\" height=\"800\" src=\"https:\/\/denthelen.com\/wp-content\/themes\/woodmart\/images\/lazy.svg\" class=\"attachment-full size-full wd-lazy-fade\" alt=\"Zubn\u00ed implant\u00e1ty v Antalyi\" decoding=\"async\" srcset=\"\" sizes=\"(max-width: 1200px) 100vw, 1200px\" data-src=\"https:\/\/denthelen.com\/wp-content\/uploads\/2026\/01\/Dental-Implants-in-Antalya-Cost-Results-Procedure.jpg\" data-srcset=\"https:\/\/denthelen.com\/wp-content\/uploads\/2026\/01\/Dental-Implants-in-Antalya-Cost-Results-Procedure.jpg 1200w, https:\/\/denthelen.com\/wp-content\/uploads\/2026\/01\/Dental-Implants-in-Antalya-Cost-Results-Procedure-300x200.jpg 300w, https:\/\/denthelen.com\/wp-content\/uploads\/2026\/01\/Dental-Implants-in-Antalya-Cost-Results-Procedure-1024x683.jpg 1024w, https:\/\/denthelen.com\/wp-content\/uploads\/2026\/01\/Dental-Implants-in-Antalya-Cost-Results-Procedure-768x512.jpg 768w\" \/>\t\t\t\t\t<\/div>\n\t\t\t\t\t\t\t\t\t\t<a class=\"wd-fill\" tabindex=\"-1\" href=\"https:\/\/denthelen.com\/cs\/dental-implants-in-antalya\/\" aria-label=\"Link on post Zubn\u00ed implant\u00e1ty v Antalyi \u2013 cena, v\u00fdsledky, postup\"><\/a>\n\t\t\t\t\n\t\t\t\t\t\t\t\t\t\t\t\t<div class=\"wd-post-date wd-style-with-bg\">\n\t\t\t\t<span class=\"post-date-day\">\n\t\t\t\t\t02\t\t\t\t<\/span>\n\t\t\t\t<span class=\"post-date-month\">\n\t\t\t\t\tLed\t\t\t\t<\/span>\n\t\t\t<\/div>\n\t\t\t\t\t\t\t\t\t<\/div>\n\t\t\n\t\t<div class=\"wd-post-content article-body-container\">\n\t\t\t\n\t\t\t\t\t\t\t<h3 class=\"wd-post-title wd-entities-title title post-title\">\n\t\t\t\t\t<a href=\"https:\/\/denthelen.com\/cs\/dental-implants-in-antalya\/\" rel=\"bookmark\">Zubn\u00ed implant\u00e1ty v Antalyi \u2013 cena, v\u00fdsledky, postup<\/a>\n\t\t\t\t<\/h3>\n\t\t\t\n\t\t\t\n\t\t\t\t\t\t\t\t\t\t\t\t<div class=\"wd-post-excerpt entry-content\">\n\t\t\t\t\t\tPro\u010d jsou zubn\u00ed implant\u00e1ty v Antalyi tak obl\u00edben\u00e9 mezi zahrani\u010dn\u00edmi pacienty?Jsou zubn\u00ed implant\u00e1ty v Antalyi bezpe\u010dn\u00e9?Jsem vhodn\u00fdm kand...\t\t\t\t\t<\/div>\n\t\t\t\t\n\t\t\t\t\t\t\t\t\t\t\t\t\t\t<div class=\"wd-post-read-more wd-style-link read-more-section\">\n\t\t\t\t\t\t<a class=\"\" href=\"https:\/\/denthelen.com\/cs\/dental-implants-in-antalya\/\">Pokra\u010dovat ve \u010dten\u00ed<\/a>\t\t\t\t\t<\/div>\n\t\t\t\t\t\t\t\t\t\t\t\t\t<\/div>\n\t<\/div>\n<\/article>\n\n\t\t\t\t\t\t\t\t\t\t\t\n<article id=\"post-12544\" class=\"wd-post blog-design-masonry blog-post-loop blog-style-bg wd-add-shadow wd-col post-12544 post type-post status-publish format-standard has-post-thumbnail hentry category-lekarske-novinky\">\n\t<div class=\"wd-post-inner article-inner\">\n\t\t\t\t\t<div class=\"wd-post-thumb entry-header\">\n\t\t\t\t\t\t\t\t\t<div class=\"wd-post-img post-img-wrapp\">\n\t\t\t\t\t\t<img width=\"1200\" height=\"800\" src=\"https:\/\/denthelen.com\/wp-content\/themes\/woodmart\/images\/lazy.svg\" class=\"attachment-full size-full wd-lazy-fade\" alt=\"Zygomatick\u00e9 zubn\u00ed implant\u00e1ty v Antalyi\" decoding=\"async\" srcset=\"\" sizes=\"(max-width: 1200px) 100vw, 1200px\" data-src=\"https:\/\/denthelen.com\/wp-content\/uploads\/2025\/12\/Zygomatic-Dental-Implants-in-Antalya-1.jpg\" data-srcset=\"https:\/\/denthelen.com\/wp-content\/uploads\/2025\/12\/Zygomatic-Dental-Implants-in-Antalya-1.jpg 1200w, https:\/\/denthelen.com\/wp-content\/uploads\/2025\/12\/Zygomatic-Dental-Implants-in-Antalya-1-300x200.jpg 300w, https:\/\/denthelen.com\/wp-content\/uploads\/2025\/12\/Zygomatic-Dental-Implants-in-Antalya-1-1024x683.jpg 1024w, https:\/\/denthelen.com\/wp-content\/uploads\/2025\/12\/Zygomatic-Dental-Implants-in-Antalya-1-768x512.jpg 768w\" \/>\t\t\t\t\t<\/div>\n\t\t\t\t\t\t\t\t\t\t<a class=\"wd-fill\" tabindex=\"-1\" href=\"https:\/\/denthelen.com\/cs\/zygomatic-dental-implants-in-antalya\/\" aria-label=\"Link on post Zygomatick\u00e9 zubn\u00ed implant\u00e1ty v Antalyi\"><\/a>\n\t\t\t\t\n\t\t\t\t\t\t\t\t\t\t\t\t<div class=\"wd-post-date wd-style-with-bg\">\n\t\t\t\t<span class=\"post-date-day\">\n\t\t\t\t\t31\t\t\t\t<\/span>\n\t\t\t\t<span class=\"post-date-month\">\n\t\t\t\t\tPro\t\t\t\t<\/span>\n\t\t\t<\/div>\n\t\t\t\t\t\t\t\t\t<\/div>\n\t\t\n\t\t<div class=\"wd-post-content article-body-container\">\n\t\t\t\n\t\t\t\t\t\t\t<h3 class=\"wd-post-title wd-entities-title title post-title\">\n\t\t\t\t\t<a href=\"https:\/\/denthelen.com\/cs\/zygomatic-dental-implants-in-antalya\/\" rel=\"bookmark\">Zygomatick\u00e9 zubn\u00ed implant\u00e1ty v Antalyi<\/a>\n\t\t\t\t<\/h3>\n\t\t\t\n\t\t\t\n\t\t\t\t\t\t\t\t\t\t\t\t<div class=\"wd-post-excerpt entry-content\">\n\t\t\t\t\t\tCo jsou zygomatick\u00e9 implant\u00e1ty a jak se li\u0161\u00ed od b\u011b\u017en\u00fdch implant\u00e1t\u016f?Kdo je vhodn\u00fdm kandid\u00e1tem pro tuto l\u00e9\u010dbu?Je mo\u017en\u00e9 prov\u00e9st tuto l\u00e9\u010dbu...\t\t\t\t\t<\/div>\n\t\t\t\t\n\t\t\t\t\t\t\t\t\t\t\t\t\t\t<div class=\"wd-post-read-more wd-style-link read-more-section\">\n\t\t\t\t\t\t<a class=\"\" href=\"https:\/\/denthelen.com\/cs\/zygomatic-dental-implants-in-antalya\/\">Pokra\u010dovat ve \u010dten\u00ed<\/a>\t\t\t\t\t<\/div>\n\t\t\t\t\t\t\t\t\t\t\t\t\t<\/div>\n\t<\/div>\n<\/article>\n\n\t\t\t\t\t\t\t\t\t\t\t\n<article id=\"post-12467\" class=\"wd-post blog-design-masonry blog-post-loop blog-style-bg wd-add-shadow wd-col post-12467 post type-post status-publish format-standard has-post-thumbnail hentry category-lekarske-novinky\">\n\t<div class=\"wd-post-inner article-inner\">\n\t\t\t\t\t<div class=\"wd-post-thumb entry-header\">\n\t\t\t\t\t\t\t\t\t<div class=\"wd-post-img post-img-wrapp\">\n\t\t\t\t\t\t<img width=\"1200\" height=\"800\" src=\"https:\/\/denthelen.com\/wp-content\/themes\/woodmart\/images\/lazy.svg\" class=\"attachment-full size-full wd-lazy-fade\" alt=\"Zubn\u00ed implant\u00e1ty v Antalyi\" decoding=\"async\" srcset=\"\" sizes=\"(max-width: 1200px) 100vw, 1200px\" data-src=\"https:\/\/denthelen.com\/wp-content\/uploads\/2025\/12\/Zubni-implantaty-v-Antalyi.jpg\" data-srcset=\"https:\/\/denthelen.com\/wp-content\/uploads\/2025\/12\/Zubni-implantaty-v-Antalyi.jpg 1200w, https:\/\/denthelen.com\/wp-content\/uploads\/2025\/12\/Zubni-implantaty-v-Antalyi-300x200.jpg 300w, https:\/\/denthelen.com\/wp-content\/uploads\/2025\/12\/Zubni-implantaty-v-Antalyi-1024x683.jpg 1024w, https:\/\/denthelen.com\/wp-content\/uploads\/2025\/12\/Zubni-implantaty-v-Antalyi-768x512.jpg 768w\" \/>\t\t\t\t\t<\/div>\n\t\t\t\t\t\t\t\t\t\t<a class=\"wd-fill\" tabindex=\"-1\" href=\"https:\/\/denthelen.com\/cs\/zubni-implantaty-v-antalyi\/\" aria-label=\"Link on post Zubn\u00ed implant\u00e1ty v Antalyi, Turecku\"><\/a>\n\t\t\t\t\n\t\t\t\t\t\t\t\t\t\t\t\t<div class=\"wd-post-date wd-style-with-bg\">\n\t\t\t\t<span class=\"post-date-day\">\n\t\t\t\t\t26\t\t\t\t<\/span>\n\t\t\t\t<span class=\"post-date-month\">\n\t\t\t\t\tPro\t\t\t\t<\/span>\n\t\t\t<\/div>\n\t\t\t\t\t\t\t\t\t<\/div>\n\t\t\n\t\t<div class=\"wd-post-content article-body-container\">\n\t\t\t\n\t\t\t\t\t\t\t<h3 class=\"wd-post-title wd-entities-title title post-title\">\n\t\t\t\t\t<a href=\"https:\/\/denthelen.com\/cs\/zubni-implantaty-v-antalyi\/\" rel=\"bookmark\">Zubn\u00ed implant\u00e1ty v Antalyi, Turecku<\/a>\n\t\t\t\t<\/h3>\n\t\t\t\n\t\t\t\n\t\t\t\t\t\t\t\t\t\t\t\t<div class=\"wd-post-excerpt entry-content\">\n\t\t\t\t\t\tChyb\u011bj\u00edc\u00ed zuby mohou ovlivnit nejen vzhled \u00fasm\u011bvu, ale tak\u00e9 sebev\u011bdom\u00ed, pohodl\u00ed p\u0159i j\u00eddle a celkov\u00e9 zdrav\u00ed \u00fastn\u00ed dutiny. Pr\u00e1v\u011b proto se...\t\t\t\t\t<\/div>\n\t\t\t\t\n\t\t\t\t\t\t\t\t\t\t\t\t\t\t<div class=\"wd-post-read-more wd-style-link read-more-section\">\n\t\t\t\t\t\t<a class=\"\" href=\"https:\/\/denthelen.com\/cs\/zubni-implantaty-v-antalyi\/\">Pokra\u010dovat ve \u010dten\u00ed<\/a>\t\t\t\t\t<\/div>\n\t\t\t\t\t\t\t\t\t\t\t\t\t<\/div>\n\t<\/div>\n<\/article>\n\n\t\t\t\t\t\t\t\t\t\t\t\n<article id=\"post-11897\" class=\"wd-post blog-design-masonry blog-post-loop blog-style-bg wd-add-shadow wd-col post-11897 post type-post status-publish format-standard has-post-thumbnail hentry category-lekarske-novinky\">\n\t<div class=\"wd-post-inner article-inner\">\n\t\t\t\t\t<div class=\"wd-post-thumb entry-header\">\n\t\t\t\t\t\t\t\t\t<div class=\"wd-post-img post-img-wrapp\">\n\t\t\t\t\t\t<img width=\"1200\" height=\"800\" src=\"https:\/\/denthelen.com\/wp-content\/themes\/woodmart\/images\/lazy.svg\" class=\"attachment-full size-full wd-lazy-fade\" alt=\"Tooth Decay Treatment\" decoding=\"async\" srcset=\"\" sizes=\"(max-width: 1200px) 100vw, 1200px\" data-src=\"https:\/\/denthelen.com\/wp-content\/uploads\/2025\/05\/tooth.jpg\" data-srcset=\"https:\/\/denthelen.com\/wp-content\/uploads\/2025\/05\/tooth.jpg 1200w, https:\/\/denthelen.com\/wp-content\/uploads\/2025\/05\/tooth-300x200.jpg 300w, https:\/\/denthelen.com\/wp-content\/uploads\/2025\/05\/tooth-1024x683.jpg 1024w, https:\/\/denthelen.com\/wp-content\/uploads\/2025\/05\/tooth-768x512.jpg 768w\" \/>\t\t\t\t\t<\/div>\n\t\t\t\t\t\t\t\t\t\t<a class=\"wd-fill\" tabindex=\"-1\" href=\"https:\/\/denthelen.com\/cs\/lecba-zubniho-kazu-v-antalyi\/\" aria-label=\"Link on post L\u00e9\u010dba zubn\u00edho kazu &#8211; lze jej skute\u010dn\u011b vyl\u00e9\u010dit bez zuba\u0159e?\"><\/a>\n\t\t\t\t\n\t\t\t\t\t\t\t\t\t\t\t\t<div class=\"wd-post-date wd-style-with-bg\">\n\t\t\t\t<span class=\"post-date-day\">\n\t\t\t\t\t30\t\t\t\t<\/span>\n\t\t\t\t<span class=\"post-date-month\">\n\t\t\t\t\tKv\u011b\t\t\t\t<\/span>\n\t\t\t<\/div>\n\t\t\t\t\t\t\t\t\t<\/div>\n\t\t\n\t\t<div class=\"wd-post-content article-body-container\">\n\t\t\t\n\t\t\t\t\t\t\t<h3 class=\"wd-post-title wd-entities-title title post-title\">\n\t\t\t\t\t<a href=\"https:\/\/denthelen.com\/cs\/lecba-zubniho-kazu-v-antalyi\/\" rel=\"bookmark\">L\u00e9\u010dba zubn\u00edho kazu &#8211; lze jej skute\u010dn\u011b vyl\u00e9\u010dit bez zuba\u0159e?<\/a>\n\t\t\t\t<\/h3>\n\t\t\t\n\t\t\t\n\t\t\t\t\t\t\t\t\t\t\t\t<div class=\"wd-post-excerpt entry-content\">\n\t\t\t\t\t\tZubn\u00ed kaz je jedn\u00edm z nej\u010dast\u011bj\u0161\u00edch zdravotn\u00edch probl\u00e9m\u016f \u00fastn\u00ed dutiny, kter\u00fd postihuje lidi v\u0161ech v\u011bkov\u00fdch kategori\u00ed. Za\u010d\u00edn\u00e1 nen\u00e1padn\u011b,...\t\t\t\t\t<\/div>\n\t\t\t\t\n\t\t\t\t\t\t\t\t\t\t\t\t\t\t<div class=\"wd-post-read-more wd-style-link read-more-section\">\n\t\t\t\t\t\t<a class=\"\" href=\"https:\/\/denthelen.com\/cs\/lecba-zubniho-kazu-v-antalyi\/\">Pokra\u010dovat ve \u010dten\u00ed<\/a>\t\t\t\t\t<\/div>\n\t\t\t\t\t\t\t\t\t\t\t\t\t<\/div>\n\t<\/div>\n<\/article>\n\n\t\t\t\t\t\t\t\t\t\t\t\n<article id=\"post-11900\" class=\"wd-post blog-design-masonry blog-post-loop blog-style-bg wd-add-shadow wd-col post-11900 post type-post status-publish format-standard has-post-thumbnail hentry category-lekarske-novinky\">\n\t<div class=\"wd-post-inner article-inner\">\n\t\t\t\t\t<div class=\"wd-post-thumb entry-header\">\n\t\t\t\t\t\t\t\t\t<div class=\"wd-post-img post-img-wrapp\">\n\t\t\t\t\t\t<img width=\"1200\" height=\"800\" src=\"https:\/\/denthelen.com\/wp-content\/themes\/woodmart\/images\/lazy.svg\" class=\"attachment-full size-full wd-lazy-fade\" alt=\"What is Turkey Teeth 2025\" decoding=\"async\" srcset=\"\" sizes=\"(max-width: 1200px) 100vw, 1200px\" data-src=\"https:\/\/denthelen.com\/wp-content\/uploads\/2025\/05\/what-is-turkey-teeth.jpg\" data-srcset=\"https:\/\/denthelen.com\/wp-content\/uploads\/2025\/05\/what-is-turkey-teeth.jpg 1200w, https:\/\/denthelen.com\/wp-content\/uploads\/2025\/05\/what-is-turkey-teeth-300x200.jpg 300w, https:\/\/denthelen.com\/wp-content\/uploads\/2025\/05\/what-is-turkey-teeth-1024x683.jpg 1024w, https:\/\/denthelen.com\/wp-content\/uploads\/2025\/05\/what-is-turkey-teeth-768x512.jpg 768w\" \/>\t\t\t\t\t<\/div>\n\t\t\t\t\t\t\t\t\t\t<a class=\"wd-fill\" tabindex=\"-1\" href=\"https:\/\/denthelen.com\/cs\/co-je-turecko-zuby-2025\/\" aria-label=\"Link on post Co je to kr\u016ft\u00ed zuby\"><\/a>\n\t\t\t\t\n\t\t\t\t\t\t\t\t\t\t\t\t<div class=\"wd-post-date wd-style-with-bg\">\n\t\t\t\t<span class=\"post-date-day\">\n\t\t\t\t\t27\t\t\t\t<\/span>\n\t\t\t\t<span class=\"post-date-month\">\n\t\t\t\t\tKv\u011b\t\t\t\t<\/span>\n\t\t\t<\/div>\n\t\t\t\t\t\t\t\t\t<\/div>\n\t\t\n\t\t<div class=\"wd-post-content article-body-container\">\n\t\t\t\n\t\t\t\t\t\t\t<h3 class=\"wd-post-title wd-entities-title title post-title\">\n\t\t\t\t\t<a href=\"https:\/\/denthelen.com\/cs\/co-je-turecko-zuby-2025\/\" rel=\"bookmark\">Co je to kr\u016ft\u00ed zuby<\/a>\n\t\t\t\t<\/h3>\n\t\t\t\n\t\t\t\n\t\t\t\t\t\t\t\t\t\t\t\t<div class=\"wd-post-excerpt entry-content\">\n\t\t\t\t\t\tCo jsou to kr\u016ft\u00ed zuby?\n\n\"Tureck\u00e9 zuby \" je term\u00edn, kter\u00fd si rychle z\u00edskal popularitu na internetu - zejm\u00e9na na platform\u00e1ch jako TikTok ...\t\t\t\t\t<\/div>\n\t\t\t\t\n\t\t\t\t\t\t\t\t\t\t\t\t\t\t<div class=\"wd-post-read-more wd-style-link read-more-section\">\n\t\t\t\t\t\t<a class=\"\" href=\"https:\/\/denthelen.com\/cs\/co-je-turecko-zuby-2025\/\">Pokra\u010dovat ve \u010dten\u00ed<\/a>\t\t\t\t\t<\/div>\n\t\t\t\t\t\t\t\t\t\t\t\t\t<\/div>\n\t<\/div>\n<\/article>\n\n\t\t\t\t\t\t\t\t\t\t\t\n<article id=\"post-11832\" class=\"wd-post blog-design-masonry blog-post-loop blog-style-bg wd-add-shadow wd-col post-11832 post type-post status-publish format-standard has-post-thumbnail hentry category-lekarske-novinky\">\n\t<div class=\"wd-post-inner article-inner\">\n\t\t\t\t\t<div class=\"wd-post-thumb entry-header\">\n\t\t\t\t\t\t\t\t\t<div class=\"wd-post-img post-img-wrapp\">\n\t\t\t\t\t\t<img width=\"1200\" height=\"800\" src=\"https:\/\/denthelen.com\/wp-content\/themes\/woodmart\/images\/lazy.svg\" class=\"attachment-full size-full wd-lazy-fade\" alt=\"How to Stop Sensitive Teeth Pain Immediately in Antalya 2025\" decoding=\"async\" srcset=\"\" sizes=\"(max-width: 1200px) 100vw, 1200px\" data-src=\"https:\/\/denthelen.com\/wp-content\/uploads\/2025\/05\/How-to-Stop-Sensitive-Teeth-Pain-Immediately.jpg\" data-srcset=\"https:\/\/denthelen.com\/wp-content\/uploads\/2025\/05\/How-to-Stop-Sensitive-Teeth-Pain-Immediately.jpg 1200w, https:\/\/denthelen.com\/wp-content\/uploads\/2025\/05\/How-to-Stop-Sensitive-Teeth-Pain-Immediately-300x200.jpg 300w, https:\/\/denthelen.com\/wp-content\/uploads\/2025\/05\/How-to-Stop-Sensitive-Teeth-Pain-Immediately-1024x683.jpg 1024w, https:\/\/denthelen.com\/wp-content\/uploads\/2025\/05\/How-to-Stop-Sensitive-Teeth-Pain-Immediately-768x512.jpg 768w\" \/>\t\t\t\t\t<\/div>\n\t\t\t\t\t\t\t\t\t\t<a class=\"wd-fill\" tabindex=\"-1\" href=\"https:\/\/denthelen.com\/cs\/lecba-citlivych-zubu-v-antalyi\/\" aria-label=\"Link on post Jak okam\u017eit\u011b zastavit bolest citliv\u00fdch zub\u016f\"><\/a>\n\t\t\t\t\n\t\t\t\t\t\t\t\t\t\t\t\t<div class=\"wd-post-date wd-style-with-bg\">\n\t\t\t\t<span class=\"post-date-day\">\n\t\t\t\t\t23\t\t\t\t<\/span>\n\t\t\t\t<span class=\"post-date-month\">\n\t\t\t\t\tKv\u011b\t\t\t\t<\/span>\n\t\t\t<\/div>\n\t\t\t\t\t\t\t\t\t<\/div>\n\t\t\n\t\t<div class=\"wd-post-content article-body-container\">\n\t\t\t\n\t\t\t\t\t\t\t<h3 class=\"wd-post-title wd-entities-title title post-title\">\n\t\t\t\t\t<a href=\"https:\/\/denthelen.com\/cs\/lecba-citlivych-zubu-v-antalyi\/\" rel=\"bookmark\">Jak okam\u017eit\u011b zastavit bolest citliv\u00fdch zub\u016f<\/a>\n\t\t\t\t<\/h3>\n\t\t\t\n\t\t\t\n\t\t\t\t\t\t\t\t\t\t\t\t<div class=\"wd-post-excerpt entry-content\">\n\t\t\t\t\t\tPokud jste n\u011bkdy poc\u00edtili n\u00e1hlou ostrou bolest, kdy\u017e jste se napili n\u011b\u010deho studen\u00e9ho nebo kousli do sladk\u00e9ho j\u00eddla, nejste sami. Citliv...\t\t\t\t\t<\/div>\n\t\t\t\t\n\t\t\t\t\t\t\t\t\t\t\t\t\t\t<div class=\"wd-post-read-more wd-style-link read-more-section\">\n\t\t\t\t\t\t<a class=\"\" href=\"https:\/\/denthelen.com\/cs\/lecba-citlivych-zubu-v-antalyi\/\">Pokra\u010dovat ve \u010dten\u00ed<\/a>\t\t\t\t\t<\/div>\n\t\t\t\t\t\t\t\t\t\t\t\t\t<\/div>\n\t<\/div>\n<\/article>\n\n\t\t\t\t\t\t\t\t\t\t\t\n<article id=\"post-11835\" class=\"wd-post blog-design-masonry blog-post-loop blog-style-bg wd-add-shadow wd-col post-11835 post type-post status-publish format-standard has-post-thumbnail hentry category-lekarske-novinky\">\n\t<div class=\"wd-post-inner article-inner\">\n\t\t\t\t\t<div class=\"wd-post-thumb entry-header\">\n\t\t\t\t\t\t\t\t\t<div class=\"wd-post-img post-img-wrapp\">\n\t\t\t\t\t\t<img width=\"1200\" height=\"800\" src=\"https:\/\/denthelen.com\/wp-content\/themes\/woodmart\/images\/lazy.svg\" class=\"attachment-full size-full wd-lazy-fade\" alt=\"Porcelain Crowns in Antalya Before After Cost 2025\" decoding=\"async\" srcset=\"\" sizes=\"(max-width: 1200px) 100vw, 1200px\" data-src=\"https:\/\/denthelen.com\/wp-content\/uploads\/2025\/05\/porcelain-crowns-in-antalya.jpg\" data-srcset=\"https:\/\/denthelen.com\/wp-content\/uploads\/2025\/05\/porcelain-crowns-in-antalya.jpg 1200w, https:\/\/denthelen.com\/wp-content\/uploads\/2025\/05\/porcelain-crowns-in-antalya-300x200.jpg 300w, https:\/\/denthelen.com\/wp-content\/uploads\/2025\/05\/porcelain-crowns-in-antalya-1024x683.jpg 1024w, https:\/\/denthelen.com\/wp-content\/uploads\/2025\/05\/porcelain-crowns-in-antalya-768x512.jpg 768w\" \/>\t\t\t\t\t<\/div>\n\t\t\t\t\t\t\t\t\t\t<a class=\"wd-fill\" tabindex=\"-1\" href=\"https:\/\/denthelen.com\/cs\/porcelanove-korunky-v-antalyi-vyhody-cena-2025\/\" aria-label=\"Link on post Porcel\u00e1nov\u00e9 korunky v Antalyi: 2025: n\u00e1klady, v\u00fdhody, p\u0159ed a po\"><\/a>\n\t\t\t\t\n\t\t\t\t\t\t\t\t\t\t\t\t<div class=\"wd-post-date wd-style-with-bg\">\n\t\t\t\t<span class=\"post-date-day\">\n\t\t\t\t\t04\t\t\t\t<\/span>\n\t\t\t\t<span class=\"post-date-month\">\n\t\t\t\t\tKv\u011b\t\t\t\t<\/span>\n\t\t\t<\/div>\n\t\t\t\t\t\t\t\t\t<\/div>\n\t\t\n\t\t<div class=\"wd-post-content article-body-container\">\n\t\t\t\n\t\t\t\t\t\t\t<h3 class=\"wd-post-title wd-entities-title title post-title\">\n\t\t\t\t\t<a href=\"https:\/\/denthelen.com\/cs\/porcelanove-korunky-v-antalyi-vyhody-cena-2025\/\" rel=\"bookmark\">Porcel\u00e1nov\u00e9 korunky v Antalyi: 2025: n\u00e1klady, v\u00fdhody, p\u0159ed a po<\/a>\n\t\t\t\t<\/h3>\n\t\t\t\n\t\t\t\n\t\t\t\t\t\t\t\t\t\t\t\t<div class=\"wd-post-excerpt entry-content\">\n\t\t\t\t\t\tPro\u010d jsou porcel\u00e1nov\u00e9 korunky v roce 2025 st\u00e1le popul\u00e1rn\u011bj\u0161\u00ed\n\nV roce 2025 si v\u00edce lid\u00ed ne\u017e kdy jindy vyb\u00edr\u00e1 porcel\u00e1nov\u00e9 korunky v Antal...\t\t\t\t\t<\/div>\n\t\t\t\t\n\t\t\t\t\t\t\t\t\t\t\t\t\t\t<div class=\"wd-post-read-more wd-style-link read-more-section\">\n\t\t\t\t\t\t<a class=\"\" href=\"https:\/\/denthelen.com\/cs\/porcelanove-korunky-v-antalyi-vyhody-cena-2025\/\">Pokra\u010dovat ve \u010dten\u00ed<\/a>\t\t\t\t\t<\/div>\n\t\t\t\t\t\t\t\t\t\t\t\t\t<\/div>\n\t<\/div>\n<\/article>\n\n\t\t\t\t\t\t\t\t\t\t\t\n<article id=\"post-11400\" class=\"wd-post blog-design-masonry blog-post-loop blog-style-bg wd-add-shadow wd-col post-11400 post type-post status-publish format-standard has-post-thumbnail hentry category-lekarske-novinky\">\n\t<div class=\"wd-post-inner article-inner\">\n\t\t\t\t\t<div class=\"wd-post-thumb entry-header\">\n\t\t\t\t\t\t\t\t\t<div class=\"wd-post-img post-img-wrapp\">\n\t\t\t\t\t\t<img width=\"1200\" height=\"800\" src=\"https:\/\/denthelen.com\/wp-content\/themes\/woodmart\/images\/lazy.svg\" class=\"attachment-full size-full wd-lazy-fade\" alt=\"Miley Cyrus Teeth 2025\" decoding=\"async\" srcset=\"\" sizes=\"(max-width: 1200px) 100vw, 1200px\" data-src=\"https:\/\/denthelen.com\/wp-content\/uploads\/2025\/05\/miley-cyrus-featured-image.jpg\" data-srcset=\"https:\/\/denthelen.com\/wp-content\/uploads\/2025\/05\/miley-cyrus-featured-image.jpg 1200w, https:\/\/denthelen.com\/wp-content\/uploads\/2025\/05\/miley-cyrus-featured-image-300x200.jpg 300w, https:\/\/denthelen.com\/wp-content\/uploads\/2025\/05\/miley-cyrus-featured-image-1024x683.jpg 1024w, https:\/\/denthelen.com\/wp-content\/uploads\/2025\/05\/miley-cyrus-featured-image-768x512.jpg 768w\" \/>\t\t\t\t\t<\/div>\n\t\t\t\t\t\t\t\t\t\t<a class=\"wd-fill\" tabindex=\"-1\" href=\"https:\/\/denthelen.com\/cs\/miley-cyrus-promena-zubu\/\" aria-label=\"Link on post Prom\u011bna zub\u016f Miley Cyrus &#8211; jak z\u00edskala tento \u00fasm\u011bv\"><\/a>\n\t\t\t\t\n\t\t\t\t\t\t\t\t\t\t\t\t<div class=\"wd-post-date wd-style-with-bg\">\n\t\t\t\t<span class=\"post-date-day\">\n\t\t\t\t\t01\t\t\t\t<\/span>\n\t\t\t\t<span class=\"post-date-month\">\n\t\t\t\t\tKv\u011b\t\t\t\t<\/span>\n\t\t\t<\/div>\n\t\t\t\t\t\t\t\t\t<\/div>\n\t\t\n\t\t<div class=\"wd-post-content article-body-container\">\n\t\t\t\n\t\t\t\t\t\t\t<h3 class=\"wd-post-title wd-entities-title title post-title\">\n\t\t\t\t\t<a href=\"https:\/\/denthelen.com\/cs\/miley-cyrus-promena-zubu\/\" rel=\"bookmark\">Prom\u011bna zub\u016f Miley Cyrus &#8211; jak z\u00edskala tento \u00fasm\u011bv<\/a>\n\t\t\t\t<\/h3>\n\t\t\t\n\t\t\t\n\t\t\t\t\t\t\t\t\t\t\t\t<div class=\"wd-post-excerpt entry-content\">\n\t\t\t\t\t\tMiley Cyrus se v pr\u016fb\u011bhu let stala v\u00edce ne\u017e jen sv\u011btovou popovou hv\u011bzdou - stala se m\u00f3dn\u00ed ikonou, odv\u00e1\u017enou um\u011blkyn\u00ed a pro mnoh\u00e9 i zdroj...\t\t\t\t\t<\/div>\n\t\t\t\t\n\t\t\t\t\t\t\t\t\t\t\t\t\t\t<div class=\"wd-post-read-more wd-style-link read-more-section\">\n\t\t\t\t\t\t<a class=\"\" href=\"https:\/\/denthelen.com\/cs\/miley-cyrus-promena-zubu\/\">Pokra\u010dovat ve \u010dten\u00ed<\/a>\t\t\t\t\t<\/div>\n\t\t\t\t\t\t\t\t\t\t\t\t\t<\/div>\n\t<\/div>\n<\/article>\n\n\t\t\t\t\t\n\t\t\t\t\t","status":"have-posts","nextPage":"https:\/\/denthelen.com\/cs\/blogy\/page\/3\/?woo_ajax=1","currentPage":"https:\/\/denthelen.com\/cs\/blogy\/page\/2\/"}