
			
				

					
				

			
		{"items":"\n\t\t\t\t\t\t\t\t\t\t\t\n<article id=\"post-11368\" class=\"wd-post blog-design-masonry blog-post-loop blog-style-bg wd-add-shadow wd-col post-11368 post type-post status-publish format-standard has-post-thumbnail hentry category-lekarske-novinky\">\n\t<div class=\"wd-post-inner article-inner\">\n\t\t\t\t\t<div class=\"wd-post-thumb entry-header\">\n\t\t\t\t\t\t\t\t\t<div class=\"wd-post-img post-img-wrapp\">\n\t\t\t\t\t\t<img width=\"1200\" height=\"800\" src=\"https:\/\/denthelen.com\/wp-content\/uploads\/2025\/04\/all-on-4-dental-implants-in-antalya-2025.jpg\" class=\"attachment-full size-full\" alt=\"All-on-4 dental implants in antalya 2025\" decoding=\"async\" fetchpriority=\"high\" srcset=\"https:\/\/denthelen.com\/wp-content\/uploads\/2025\/04\/all-on-4-dental-implants-in-antalya-2025.jpg 1200w, https:\/\/denthelen.com\/wp-content\/uploads\/2025\/04\/all-on-4-dental-implants-in-antalya-2025-300x200.jpg 300w, https:\/\/denthelen.com\/wp-content\/uploads\/2025\/04\/all-on-4-dental-implants-in-antalya-2025-1024x683.jpg 1024w, https:\/\/denthelen.com\/wp-content\/uploads\/2025\/04\/all-on-4-dental-implants-in-antalya-2025-768x512.jpg 768w\" sizes=\"(max-width: 1200px) 100vw, 1200px\" \/>\t\t\t\t\t<\/div>\n\t\t\t\t\t\t\t\t\t\t<a class=\"wd-fill\" tabindex=\"-1\" href=\"https:\/\/denthelen.com\/cs\/vse-o-4-zubnich-implantatech-v-antalyi-2025\/\" aria-label=\"Link on post All-on-4 zubn\u00ed implant\u00e1ty v Antalya &#8211; Postup, N\u00e1klady 2025\"><\/a>\n\t\t\t\t\n\t\t\t\t\t\t\t\t\t\t\t\t<link rel=\"stylesheet\" id=\"wd-post-types-mod-date-style-bg-css\" href=\"https:\/\/denthelen.com\/wp-content\/themes\/woodmart\/css\/parts\/post-types-mod-date-style-bg.min.css?ver=8.3.9\" type=\"text\/css\" media=\"all\" \/> \t\t\t\t\t\t<div class=\"wd-post-date wd-style-with-bg\">\n\t\t\t\t<span class=\"post-date-day\">\n\t\t\t\t\t20\t\t\t\t<\/span>\n\t\t\t\t<span class=\"post-date-month\">\n\t\t\t\t\tDub\t\t\t\t<\/span>\n\t\t\t<\/div>\n\t\t\t\t\t\t\t\t\t<\/div>\n\t\t\n\t\t<div class=\"wd-post-content article-body-container\">\n\t\t\t\n\t\t\t\t\t\t\t<h3 class=\"wd-post-title wd-entities-title title post-title\">\n\t\t\t\t\t<a href=\"https:\/\/denthelen.com\/cs\/vse-o-4-zubnich-implantatech-v-antalyi-2025\/\" rel=\"bookmark\">All-on-4 zubn\u00ed implant\u00e1ty v Antalya &#8211; Postup, N\u00e1klady 2025<\/a>\n\t\t\t\t<\/h3>\n\t\t\t\n\t\t\t\n\t\t\t\t\t\t\t\t\t\t\t\t<div class=\"wd-post-excerpt entry-content\">\n\t\t\t\t\t\tJste p\u0159ipraveni obnovit sv\u016fj \u00fasm\u011bv s d\u016fv\u011brou? Kontaktujte spole\u010dnost Dent Helen v Antalyi pro bezplatnou konzultaci a za\u010dn\u011bte svou cestu za zubn\u00edmi implant\u00e1ty all-on-4 s profesion\u00e1ly, kter\u00fdm m\u016f\u017eete d\u016fv\u011b\u0159ovat. \t\t\t\t\t<\/div>\n\t\t\t\t\n\t\t\t\t\t\t\t\t\t\t\t\t\t\t<div class=\"wd-post-read-more wd-style-link read-more-section\">\n\t\t\t\t\t\t<a class=\"\" href=\"https:\/\/denthelen.com\/cs\/vse-o-4-zubnich-implantatech-v-antalyi-2025\/\">Pokra\u010dovat ve \u010dten\u00ed<\/a>\t\t\t\t\t<\/div>\n\t\t\t\t\t\t\t\t\t\t\t\t\t<\/div>\n\t<\/div>\n<\/article>\n\n\t\t\t\t\t\t\t\t\t\t\t\n<article id=\"post-11142\" class=\"wd-post blog-design-masonry blog-post-loop blog-style-bg wd-add-shadow wd-col post-11142 post type-post status-publish format-standard has-post-thumbnail hentry category-lekarske-novinky\">\n\t<div class=\"wd-post-inner article-inner\">\n\t\t\t\t\t<div class=\"wd-post-thumb entry-header\">\n\t\t\t\t\t\t\t\t\t<div class=\"wd-post-img post-img-wrapp\">\n\t\t\t\t\t\t<img width=\"1200\" height=\"800\" src=\"https:\/\/denthelen.com\/wp-content\/themes\/woodmart\/images\/lazy.svg\" class=\"attachment-full size-full wd-lazy-fade\" alt=\"Dental implant in Antalya 2025 Reviews, Cost\" decoding=\"async\" srcset=\"\" sizes=\"(max-width: 1200px) 100vw, 1200px\" data-src=\"https:\/\/denthelen.com\/wp-content\/uploads\/2025\/04\/dental-implant-dent-helen-clinic-2025.jpg\" data-srcset=\"https:\/\/denthelen.com\/wp-content\/uploads\/2025\/04\/dental-implant-dent-helen-clinic-2025.jpg 1200w, https:\/\/denthelen.com\/wp-content\/uploads\/2025\/04\/dental-implant-dent-helen-clinic-2025-300x200.jpg 300w, https:\/\/denthelen.com\/wp-content\/uploads\/2025\/04\/dental-implant-dent-helen-clinic-2025-1024x683.jpg 1024w, https:\/\/denthelen.com\/wp-content\/uploads\/2025\/04\/dental-implant-dent-helen-clinic-2025-768x512.jpg 768w\" \/>\t\t\t\t\t<\/div>\n\t\t\t\t\t\t\t\t\t\t<a class=\"wd-fill\" tabindex=\"-1\" href=\"https:\/\/denthelen.com\/cs\/zubni-implantaty-v-antalyi-2025\/\" aria-label=\"Link on post Zubn\u00ed implant\u00e1t v Antalya 2025 &#8211; ceny, typy implant\u00e1t\u016f a recenze pacient\u016f\"><\/a>\n\t\t\t\t\n\t\t\t\t\t\t\t\t\t\t\t\t<div class=\"wd-post-date wd-style-with-bg\">\n\t\t\t\t<span class=\"post-date-day\">\n\t\t\t\t\t13\t\t\t\t<\/span>\n\t\t\t\t<span class=\"post-date-month\">\n\t\t\t\t\tDub\t\t\t\t<\/span>\n\t\t\t<\/div>\n\t\t\t\t\t\t\t\t\t<\/div>\n\t\t\n\t\t<div class=\"wd-post-content article-body-container\">\n\t\t\t\n\t\t\t\t\t\t\t<h3 class=\"wd-post-title wd-entities-title title post-title\">\n\t\t\t\t\t<a href=\"https:\/\/denthelen.com\/cs\/zubni-implantaty-v-antalyi-2025\/\" rel=\"bookmark\">Zubn\u00ed implant\u00e1t v Antalya 2025 &#8211; ceny, typy implant\u00e1t\u016f a recenze pacient\u016f<\/a>\n\t\t\t\t<\/h3>\n\t\t\t\n\t\t\t\n\t\t\t\t\t\t\t\t\t\t\t\t<div class=\"wd-post-excerpt entry-content\">\n\t\t\t\t\t\tZuby jsou kl\u00ed\u010dem k sebev\u011bdom\u00e9mu a siln\u00e9mu \u00fasm\u011bvu. Pro ty, kte\u0159\u00ed hledaj\u00ed estetick\u00e9 a funk\u010dn\u00ed \u0159e\u0161en\u00ed, jsou zubn\u00ed implant\u00e1ty jedn\u00edm z nejp...\t\t\t\t\t<\/div>\n\t\t\t\t\n\t\t\t\t\t\t\t\t\t\t\t\t\t\t<div class=\"wd-post-read-more wd-style-link read-more-section\">\n\t\t\t\t\t\t<a class=\"\" href=\"https:\/\/denthelen.com\/cs\/zubni-implantaty-v-antalyi-2025\/\">Pokra\u010dovat ve \u010dten\u00ed<\/a>\t\t\t\t\t<\/div>\n\t\t\t\t\t\t\t\t\t\t\t\t\t<\/div>\n\t<\/div>\n<\/article>\n\n\t\t\t\t\t\t\t\t\t\t\t\n<article id=\"post-11403\" class=\"wd-post blog-design-masonry blog-post-loop blog-style-bg wd-add-shadow wd-col post-11403 post type-post status-publish format-standard has-post-thumbnail hentry category-lekarske-novinky tag-laminatove-dyhy-v-antalyi\">\n\t<div class=\"wd-post-inner article-inner\">\n\t\t\t\t\t<div class=\"wd-post-thumb entry-header\">\n\t\t\t\t\t\t\t\t\t<div class=\"wd-post-img post-img-wrapp\">\n\t\t\t\t\t\t<img width=\"1200\" height=\"800\" src=\"https:\/\/denthelen.com\/wp-content\/themes\/woodmart\/images\/lazy.svg\" class=\"attachment-full size-full wd-lazy-fade\" alt=\"\" decoding=\"async\" srcset=\"\" sizes=\"(max-width: 1200px) 100vw, 1200px\" data-src=\"https:\/\/denthelen.com\/wp-content\/uploads\/2025\/04\/laminate-veneers-in-antalya.jpg\" data-srcset=\"https:\/\/denthelen.com\/wp-content\/uploads\/2025\/04\/laminate-veneers-in-antalya.jpg 1200w, https:\/\/denthelen.com\/wp-content\/uploads\/2025\/04\/laminate-veneers-in-antalya-300x200.jpg 300w, https:\/\/denthelen.com\/wp-content\/uploads\/2025\/04\/laminate-veneers-in-antalya-1024x683.jpg 1024w, https:\/\/denthelen.com\/wp-content\/uploads\/2025\/04\/laminate-veneers-in-antalya-768x512.jpg 768w\" \/>\t\t\t\t\t<\/div>\n\t\t\t\t\t\t\t\t\t\t<a class=\"wd-fill\" tabindex=\"-1\" href=\"https:\/\/denthelen.com\/cs\/laminate-veneers-in-antalya-guide\/\" aria-label=\"Link on post V\u0161e, co byste m\u011bli v\u011bd\u011bt o lamin\u00e1tov\u00fdch d\u00fdh\u00e1ch v Antalyi\"><\/a>\n\t\t\t\t\n\t\t\t\t\t\t\t\t\t\t\t\t<div class=\"wd-post-date wd-style-with-bg\">\n\t\t\t\t<span class=\"post-date-day\">\n\t\t\t\t\t11\t\t\t\t<\/span>\n\t\t\t\t<span class=\"post-date-month\">\n\t\t\t\t\tDub\t\t\t\t<\/span>\n\t\t\t<\/div>\n\t\t\t\t\t\t\t\t\t<\/div>\n\t\t\n\t\t<div class=\"wd-post-content article-body-container\">\n\t\t\t\n\t\t\t\t\t\t\t<h3 class=\"wd-post-title wd-entities-title title post-title\">\n\t\t\t\t\t<a href=\"https:\/\/denthelen.com\/cs\/laminate-veneers-in-antalya-guide\/\" rel=\"bookmark\">V\u0161e, co byste m\u011bli v\u011bd\u011bt o lamin\u00e1tov\u00fdch d\u00fdh\u00e1ch v Antalyi<\/a>\n\t\t\t\t<\/h3>\n\t\t\t\n\t\t\t\n\t\t\t\t\t\t\t\t\t\t\t\t<div class=\"wd-post-excerpt entry-content\">\n\t\t\t\t\t\tCo d\u011bl\u00e1 Antalya ide\u00e1ln\u00edm m\u00edstem pro po\u0159\u00edzen\u00ed lamin\u00e1tov\u00fdch d\u00fdh?Jsou lamin\u00e1tov\u00e9 d\u00fdhy v Antalyi vyr\u00e1b\u011bny na m\u00edru ka\u017ed\u00e9mu pacientovi?Jak zu...\t\t\t\t\t<\/div>\n\t\t\t\t\n\t\t\t\t\t\t\t\t\t\t\t\t\t\t<div class=\"wd-post-read-more wd-style-link read-more-section\">\n\t\t\t\t\t\t<a class=\"\" href=\"https:\/\/denthelen.com\/cs\/laminate-veneers-in-antalya-guide\/\">Pokra\u010dovat ve \u010dten\u00ed<\/a>\t\t\t\t\t<\/div>\n\t\t\t\t\t\t\t\t\t\t\t\t\t<\/div>\n\t<\/div>\n<\/article>\n\n\t\t\t\t\t\t\t\t\t\t\t\n<article id=\"post-11407\" class=\"wd-post blog-design-masonry blog-post-loop blog-style-bg wd-add-shadow wd-col post-11407 post type-post status-publish format-standard has-post-thumbnail hentry category-lekarske-novinky\">\n\t<div class=\"wd-post-inner article-inner\">\n\t\t\t\t\t<div class=\"wd-post-thumb entry-header\">\n\t\t\t\t\t\t\t\t\t<div class=\"wd-post-img post-img-wrapp\">\n\t\t\t\t\t\t<img width=\"1200\" height=\"800\" src=\"https:\/\/denthelen.com\/wp-content\/themes\/woodmart\/images\/lazy.svg\" class=\"attachment-full size-full wd-lazy-fade\" alt=\"\" decoding=\"async\" srcset=\"\" sizes=\"(max-width: 1200px) 100vw, 1200px\" data-src=\"https:\/\/denthelen.com\/wp-content\/uploads\/2025\/04\/thailand-flag.jpg\" data-srcset=\"https:\/\/denthelen.com\/wp-content\/uploads\/2025\/04\/thailand-flag.jpg 1200w, https:\/\/denthelen.com\/wp-content\/uploads\/2025\/04\/thailand-flag-300x200.jpg 300w, https:\/\/denthelen.com\/wp-content\/uploads\/2025\/04\/thailand-flag-1024x683.jpg 1024w, https:\/\/denthelen.com\/wp-content\/uploads\/2025\/04\/thailand-flag-768x512.jpg 768w\" \/>\t\t\t\t\t<\/div>\n\t\t\t\t\t\t\t\t\t\t<a class=\"wd-fill\" tabindex=\"-1\" href=\"https:\/\/denthelen.com\/cs\/naklady-na-zubni-implantaty-v-thajsku-vs-turecku\/\" aria-label=\"Link on post N\u00e1klady na zubn\u00ed implant\u00e1ty v Thajsku: Je Turecko v roce 2025 lep\u0161\u00ed volbou?\"><\/a>\n\t\t\t\t\n\t\t\t\t\t\t\t\t\t\t\t\t<div class=\"wd-post-date wd-style-with-bg\">\n\t\t\t\t<span class=\"post-date-day\">\n\t\t\t\t\t07\t\t\t\t<\/span>\n\t\t\t\t<span class=\"post-date-month\">\n\t\t\t\t\tDub\t\t\t\t<\/span>\n\t\t\t<\/div>\n\t\t\t\t\t\t\t\t\t<\/div>\n\t\t\n\t\t<div class=\"wd-post-content article-body-container\">\n\t\t\t\n\t\t\t\t\t\t\t<h3 class=\"wd-post-title wd-entities-title title post-title\">\n\t\t\t\t\t<a href=\"https:\/\/denthelen.com\/cs\/naklady-na-zubni-implantaty-v-thajsku-vs-turecku\/\" rel=\"bookmark\">N\u00e1klady na zubn\u00ed implant\u00e1ty v Thajsku: Je Turecko v roce 2025 lep\u0161\u00ed volbou?<\/a>\n\t\t\t\t<\/h3>\n\t\t\t\n\t\t\t\n\t\t\t\t\t\t\t\t\t\t\t\t<div class=\"wd-post-excerpt entry-content\">\n\t\t\t\t\t\tZubn\u00ed implant\u00e1ty v Thajsku se staly jedn\u00edm z nejspolehliv\u011bj\u0161\u00edch a nejtrvalej\u0161\u00edch \u0159e\u0161en\u00ed pro osoby s chyb\u011bj\u00edc\u00edmi zuby. Na rozd\u00edl od sn\u00edm...\t\t\t\t\t<\/div>\n\t\t\t\t\n\t\t\t\t\t\t\t\t\t\t\t\t\t\t<div class=\"wd-post-read-more wd-style-link read-more-section\">\n\t\t\t\t\t\t<a class=\"\" href=\"https:\/\/denthelen.com\/cs\/naklady-na-zubni-implantaty-v-thajsku-vs-turecku\/\">Pokra\u010dovat ve \u010dten\u00ed<\/a>\t\t\t\t\t<\/div>\n\t\t\t\t\t\t\t\t\t\t\t\t\t<\/div>\n\t<\/div>\n<\/article>\n\n\t\t\t\t\t\t\t\t\t\t\t\n<article id=\"post-11412\" class=\"wd-post blog-design-masonry blog-post-loop blog-style-bg wd-add-shadow wd-col post-11412 post type-post status-publish format-standard has-post-thumbnail hentry category-lekarske-novinky tag-invisalign-v-antalyi\">\n\t<div class=\"wd-post-inner article-inner\">\n\t\t\t\t\t<div class=\"wd-post-thumb entry-header\">\n\t\t\t\t\t\t\t\t\t<div class=\"wd-post-img post-img-wrapp\">\n\t\t\t\t\t\t<img width=\"1200\" height=\"800\" src=\"https:\/\/denthelen.com\/wp-content\/themes\/woodmart\/images\/lazy.svg\" class=\"attachment-full size-full wd-lazy-fade\" alt=\"\" decoding=\"async\" srcset=\"\" sizes=\"(max-width: 1200px) 100vw, 1200px\" data-src=\"https:\/\/denthelen.com\/wp-content\/uploads\/2025\/02\/invisalign-in-antalya-reviews.jpg\" data-srcset=\"https:\/\/denthelen.com\/wp-content\/uploads\/2025\/02\/invisalign-in-antalya-reviews.jpg 1200w, https:\/\/denthelen.com\/wp-content\/uploads\/2025\/02\/invisalign-in-antalya-reviews-300x200.jpg 300w, https:\/\/denthelen.com\/wp-content\/uploads\/2025\/02\/invisalign-in-antalya-reviews-1024x683.jpg 1024w, https:\/\/denthelen.com\/wp-content\/uploads\/2025\/02\/invisalign-in-antalya-reviews-768x512.jpg 768w\" \/>\t\t\t\t\t<\/div>\n\t\t\t\t\t\t\t\t\t\t<a class=\"wd-fill\" tabindex=\"-1\" href=\"https:\/\/denthelen.com\/cs\/invisalign-v-antalyi-recenze-cen\/\" aria-label=\"Link on post Invisalign v Antalya &#8211; Recenze, cena a n\u00e1klady 2025\"><\/a>\n\t\t\t\t\n\t\t\t\t\t\t\t\t\t\t\t\t<div class=\"wd-post-date wd-style-with-bg\">\n\t\t\t\t<span class=\"post-date-day\">\n\t\t\t\t\t24\t\t\t\t<\/span>\n\t\t\t\t<span class=\"post-date-month\">\n\t\t\t\t\t\u00dano\t\t\t\t<\/span>\n\t\t\t<\/div>\n\t\t\t\t\t\t\t\t\t<\/div>\n\t\t\n\t\t<div class=\"wd-post-content article-body-container\">\n\t\t\t\n\t\t\t\t\t\t\t<h3 class=\"wd-post-title wd-entities-title title post-title\">\n\t\t\t\t\t<a href=\"https:\/\/denthelen.com\/cs\/invisalign-v-antalyi-recenze-cen\/\" rel=\"bookmark\">Invisalign v Antalya &#8211; Recenze, cena a n\u00e1klady 2025<\/a>\n\t\t\t\t<\/h3>\n\t\t\t\n\t\t\t\n\t\t\t\t\t\t\t\t\t\t\t\t<div class=\"wd-post-excerpt entry-content\">\n\t\t\t\t\t\tInvisalign v Antalyi l\u00e9\u010dba, m\u016f\u017ee b\u00fdt aplikov\u00e1n bezprobl\u00e9mov\u011b v p\u0159\u00edpadech zub\u016f st\u011bsn\u00e1n\u00ed a m\u016f\u017ee zlomit probl\u00e9my skloviny zvan\u00e9 diastema u...\t\t\t\t\t<\/div>\n\t\t\t\t\n\t\t\t\t\t\t\t\t\t\t\t\t\t\t<div class=\"wd-post-read-more wd-style-link read-more-section\">\n\t\t\t\t\t\t<a class=\"\" href=\"https:\/\/denthelen.com\/cs\/invisalign-v-antalyi-recenze-cen\/\">Pokra\u010dovat ve \u010dten\u00ed<\/a>\t\t\t\t\t<\/div>\n\t\t\t\t\t\t\t\t\t\t\t\t\t<\/div>\n\t<\/div>\n<\/article>\n\n\t\t\t\t\t\t\t\t\t\t\t\n<article id=\"post-11416\" class=\"wd-post blog-design-masonry blog-post-loop blog-style-bg wd-add-shadow wd-col post-11416 post type-post status-publish format-standard has-post-thumbnail hentry category-lekarske-novinky\">\n\t<div class=\"wd-post-inner article-inner\">\n\t\t\t\t\t<div class=\"wd-post-thumb entry-header\">\n\t\t\t\t\t\t\t\t\t<div class=\"wd-post-img post-img-wrapp\">\n\t\t\t\t\t\t<img width=\"1200\" height=\"800\" src=\"https:\/\/denthelen.com\/wp-content\/themes\/woodmart\/images\/lazy.svg\" class=\"attachment-full size-full wd-lazy-fade\" alt=\"\" decoding=\"async\" srcset=\"\" sizes=\"(max-width: 1200px) 100vw, 1200px\" data-src=\"https:\/\/denthelen.com\/wp-content\/uploads\/2025\/02\/dental-implant-procedure-illustration.webp\" data-srcset=\"https:\/\/denthelen.com\/wp-content\/uploads\/2025\/02\/dental-implant-procedure-illustration.webp 1200w, https:\/\/denthelen.com\/wp-content\/uploads\/2025\/02\/dental-implant-procedure-illustration-300x200.webp 300w, https:\/\/denthelen.com\/wp-content\/uploads\/2025\/02\/dental-implant-procedure-illustration-1024x683.webp 1024w, https:\/\/denthelen.com\/wp-content\/uploads\/2025\/02\/dental-implant-procedure-illustration-768x512.webp 768w\" \/>\t\t\t\t\t<\/div>\n\t\t\t\t\t\t\t\t\t\t<a class=\"wd-fill\" tabindex=\"-1\" href=\"https:\/\/denthelen.com\/cs\/bezpecne-zubni-implantaty-v-antalyi\/\" aria-label=\"Link on post Je zubn\u00ed implant\u00e1t bolestiv\u00fd nebo \u0161kodliv\u00fd? | Bezpe\u010dn\u00e9 zubn\u00ed implant\u00e1ty v Antalyi\"><\/a>\n\t\t\t\t\n\t\t\t\t\t\t\t\t\t\t\t\t<div class=\"wd-post-date wd-style-with-bg\">\n\t\t\t\t<span class=\"post-date-day\">\n\t\t\t\t\t21\t\t\t\t<\/span>\n\t\t\t\t<span class=\"post-date-month\">\n\t\t\t\t\t\u00dano\t\t\t\t<\/span>\n\t\t\t<\/div>\n\t\t\t\t\t\t\t\t\t<\/div>\n\t\t\n\t\t<div class=\"wd-post-content article-body-container\">\n\t\t\t\n\t\t\t\t\t\t\t<h3 class=\"wd-post-title wd-entities-title title post-title\">\n\t\t\t\t\t<a href=\"https:\/\/denthelen.com\/cs\/bezpecne-zubni-implantaty-v-antalyi\/\" rel=\"bookmark\">Je zubn\u00ed implant\u00e1t bolestiv\u00fd nebo \u0161kodliv\u00fd? | Bezpe\u010dn\u00e9 zubn\u00ed implant\u00e1ty v Antalyi<\/a>\n\t\t\t\t<\/h3>\n\t\t\t\n\t\t\t\n\t\t\t\t\t\t\t\t\t\t\t\t<div class=\"wd-post-excerpt entry-content\">\n\t\t\t\t\t\tZubn\u00ed implant\u00e1ty v Antalyi zp\u016fsobily revoluci v modern\u00ed stomatologii a p\u0159edstavuj\u00ed trval\u00e9 \u0159e\u0161en\u00ed pro chyb\u011bj\u00edc\u00ed zuby. Mnoho lid\u00ed v\u0161ak v\u00e1...\t\t\t\t\t<\/div>\n\t\t\t\t\n\t\t\t\t\t\t\t\t\t\t\t\t\t\t<div class=\"wd-post-read-more wd-style-link read-more-section\">\n\t\t\t\t\t\t<a class=\"\" href=\"https:\/\/denthelen.com\/cs\/bezpecne-zubni-implantaty-v-antalyi\/\">Pokra\u010dovat ve \u010dten\u00ed<\/a>\t\t\t\t\t<\/div>\n\t\t\t\t\t\t\t\t\t\t\t\t\t<\/div>\n\t<\/div>\n<\/article>\n\n\t\t\t\t\t\t\t\t\t\t\t\n<article id=\"post-11426\" class=\"wd-post blog-design-masonry blog-post-loop blog-style-bg wd-add-shadow wd-col post-11426 post type-post status-publish format-standard has-post-thumbnail hentry category-nasledna-pece\">\n\t<div class=\"wd-post-inner article-inner\">\n\t\t\t\t\t<div class=\"wd-post-thumb entry-header\">\n\t\t\t\t\t\t\t\t\t<div class=\"wd-post-img post-img-wrapp\">\n\t\t\t\t\t\t<img width=\"1200\" height=\"800\" src=\"https:\/\/denthelen.com\/wp-content\/themes\/woodmart\/images\/lazy.svg\" class=\"attachment-full size-full wd-lazy-fade\" alt=\"\" decoding=\"async\" srcset=\"\" sizes=\"(max-width: 1200px) 100vw, 1200px\" data-src=\"https:\/\/denthelen.com\/wp-content\/uploads\/2025\/02\/root-canal-treatment-aftercare-2025.jpg\" data-srcset=\"https:\/\/denthelen.com\/wp-content\/uploads\/2025\/02\/root-canal-treatment-aftercare-2025.jpg 1200w, https:\/\/denthelen.com\/wp-content\/uploads\/2025\/02\/root-canal-treatment-aftercare-2025-300x200.jpg 300w, https:\/\/denthelen.com\/wp-content\/uploads\/2025\/02\/root-canal-treatment-aftercare-2025-1024x683.jpg 1024w, https:\/\/denthelen.com\/wp-content\/uploads\/2025\/02\/root-canal-treatment-aftercare-2025-768x512.jpg 768w\" \/>\t\t\t\t\t<\/div>\n\t\t\t\t\t\t\t\t\t\t<a class=\"wd-fill\" tabindex=\"-1\" href=\"https:\/\/denthelen.com\/cs\/osetreni-korenovych-kanalku-po-osetreni\/\" aria-label=\"Link on post P\u00e9\u010de po o\u0161et\u0159en\u00ed ko\u0159enov\u00fdch kan\u00e1lk\u016f &#8211; co byste m\u011bli v\u011bd\u011bt?\"><\/a>\n\t\t\t\t\n\t\t\t\t\t\t\t\t\t\t\t\t<div class=\"wd-post-date wd-style-with-bg\">\n\t\t\t\t<span class=\"post-date-day\">\n\t\t\t\t\t10\t\t\t\t<\/span>\n\t\t\t\t<span class=\"post-date-month\">\n\t\t\t\t\t\u00dano\t\t\t\t<\/span>\n\t\t\t<\/div>\n\t\t\t\t\t\t\t\t\t<\/div>\n\t\t\n\t\t<div class=\"wd-post-content article-body-container\">\n\t\t\t\n\t\t\t\t\t\t\t<h3 class=\"wd-post-title wd-entities-title title post-title\">\n\t\t\t\t\t<a href=\"https:\/\/denthelen.com\/cs\/osetreni-korenovych-kanalku-po-osetreni\/\" rel=\"bookmark\">P\u00e9\u010de po o\u0161et\u0159en\u00ed ko\u0159enov\u00fdch kan\u00e1lk\u016f &#8211; co byste m\u011bli v\u011bd\u011bt?<\/a>\n\t\t\t\t<\/h3>\n\t\t\t\n\t\t\t\n\t\t\t\t\t\t\t\t\t\t\t\t<div class=\"wd-post-excerpt entry-content\">\n\t\t\t\t\t\tCo m\u016f\u017eete o\u010dek\u00e1vat po o\u0161et\u0159en\u00ed ko\u0159enov\u00e9ho kan\u00e1lku?Z\u00e1kladn\u00ed tipy pro n\u00e1slednou p\u00e9\u010di pro hladk\u00e9 zotaven\u00ed Jak zvl\u00e1dnout bolest a citlivost...\t\t\t\t\t<\/div>\n\t\t\t\t\n\t\t\t\t\t\t\t\t\t\t\t\t\t\t<div class=\"wd-post-read-more wd-style-link read-more-section\">\n\t\t\t\t\t\t<a class=\"\" href=\"https:\/\/denthelen.com\/cs\/osetreni-korenovych-kanalku-po-osetreni\/\">Pokra\u010dovat ve \u010dten\u00ed<\/a>\t\t\t\t\t<\/div>\n\t\t\t\t\t\t\t\t\t\t\t\t\t<\/div>\n\t<\/div>\n<\/article>\n\n\t\t\t\t\t\t\t\t\t\t\t\n<article id=\"post-11429\" class=\"wd-post blog-design-masonry blog-post-loop blog-style-bg wd-add-shadow wd-col post-11429 post type-post status-publish format-standard has-post-thumbnail hentry category-nasledna-pece\">\n\t<div class=\"wd-post-inner article-inner\">\n\t\t\t\t\t<div class=\"wd-post-thumb entry-header\">\n\t\t\t\t\t\t\t\t\t<div class=\"wd-post-img post-img-wrapp\">\n\t\t\t\t\t\t<img width=\"1200\" height=\"800\" src=\"https:\/\/denthelen.com\/wp-content\/themes\/woodmart\/images\/lazy.svg\" class=\"attachment-full size-full wd-lazy-fade\" alt=\"\" decoding=\"async\" srcset=\"\" sizes=\"(max-width: 1200px) 100vw, 1200px\" data-src=\"https:\/\/denthelen.com\/wp-content\/uploads\/2025\/02\/dental-crowns-aftercare-2025.jpg\" data-srcset=\"https:\/\/denthelen.com\/wp-content\/uploads\/2025\/02\/dental-crowns-aftercare-2025.jpg 1200w, https:\/\/denthelen.com\/wp-content\/uploads\/2025\/02\/dental-crowns-aftercare-2025-300x200.jpg 300w, https:\/\/denthelen.com\/wp-content\/uploads\/2025\/02\/dental-crowns-aftercare-2025-1024x683.jpg 1024w, https:\/\/denthelen.com\/wp-content\/uploads\/2025\/02\/dental-crowns-aftercare-2025-768x512.jpg 768w\" \/>\t\t\t\t\t<\/div>\n\t\t\t\t\t\t\t\t\t\t<a class=\"wd-fill\" tabindex=\"-1\" href=\"https:\/\/denthelen.com\/cs\/pece-o-zubni-korunky\/\" aria-label=\"Link on post N\u00e1sledn\u00e1 p\u00e9\u010de o zubn\u00ed korunky &#8211; co byste m\u011bli v\u011bd\u011bt?\"><\/a>\n\t\t\t\t\n\t\t\t\t\t\t\t\t\t\t\t\t<div class=\"wd-post-date wd-style-with-bg\">\n\t\t\t\t<span class=\"post-date-day\">\n\t\t\t\t\t10\t\t\t\t<\/span>\n\t\t\t\t<span class=\"post-date-month\">\n\t\t\t\t\t\u00dano\t\t\t\t<\/span>\n\t\t\t<\/div>\n\t\t\t\t\t\t\t\t\t<\/div>\n\t\t\n\t\t<div class=\"wd-post-content article-body-container\">\n\t\t\t\n\t\t\t\t\t\t\t<h3 class=\"wd-post-title wd-entities-title title post-title\">\n\t\t\t\t\t<a href=\"https:\/\/denthelen.com\/cs\/pece-o-zubni-korunky\/\" rel=\"bookmark\">N\u00e1sledn\u00e1 p\u00e9\u010de o zubn\u00ed korunky &#8211; co byste m\u011bli v\u011bd\u011bt?<\/a>\n\t\t\t\t<\/h3>\n\t\t\t\n\t\t\t\n\t\t\t\t\t\t\t\t\t\t\t\t<div class=\"wd-post-excerpt entry-content\">\n\t\t\t\t\t\tP\u00e9\u010de po do\u010dasn\u00fdch zubn\u00edch korunk\u00e1chN\u00e1sledn\u00e1 p\u00e9\u010de o trvalou zubn\u00ed korunkuJak z\u00edskat v\u00edce informac\u00ed o p\u00e9\u010di o zubn\u00ed korunky?D\u011blaj\u00ed zubn\u00ed k...\t\t\t\t\t<\/div>\n\t\t\t\t\n\t\t\t\t\t\t\t\t\t\t\t\t\t\t<div class=\"wd-post-read-more wd-style-link read-more-section\">\n\t\t\t\t\t\t<a class=\"\" href=\"https:\/\/denthelen.com\/cs\/pece-o-zubni-korunky\/\">Pokra\u010dovat ve \u010dten\u00ed<\/a>\t\t\t\t\t<\/div>\n\t\t\t\t\t\t\t\t\t\t\t\t\t<\/div>\n\t<\/div>\n<\/article>\n\n\t\t\t\t\t\t\t\t\t\t\t\n<article id=\"post-11432\" class=\"wd-post blog-design-masonry blog-post-loop blog-style-bg wd-add-shadow wd-col post-11432 post type-post status-publish format-standard has-post-thumbnail hentry category-nasledna-pece\">\n\t<div class=\"wd-post-inner article-inner\">\n\t\t\t\t\t<div class=\"wd-post-thumb entry-header\">\n\t\t\t\t\t\t\t\t\t<div class=\"wd-post-img post-img-wrapp\">\n\t\t\t\t\t\t<img width=\"1200\" height=\"800\" src=\"https:\/\/denthelen.com\/wp-content\/themes\/woodmart\/images\/lazy.svg\" class=\"attachment-full size-full wd-lazy-fade\" alt=\"\" decoding=\"async\" srcset=\"\" sizes=\"(max-width: 1200px) 100vw, 1200px\" data-src=\"https:\/\/denthelen.com\/wp-content\/uploads\/2025\/02\/dental-veneers-aftercare-2025.jpg\" data-srcset=\"https:\/\/denthelen.com\/wp-content\/uploads\/2025\/02\/dental-veneers-aftercare-2025.jpg 1200w, https:\/\/denthelen.com\/wp-content\/uploads\/2025\/02\/dental-veneers-aftercare-2025-300x200.jpg 300w, https:\/\/denthelen.com\/wp-content\/uploads\/2025\/02\/dental-veneers-aftercare-2025-1024x683.jpg 1024w, https:\/\/denthelen.com\/wp-content\/uploads\/2025\/02\/dental-veneers-aftercare-2025-768x512.jpg 768w\" \/>\t\t\t\t\t<\/div>\n\t\t\t\t\t\t\t\t\t\t<a class=\"wd-fill\" tabindex=\"-1\" href=\"https:\/\/denthelen.com\/cs\/pece-o-zubni-fazety\/\" aria-label=\"Link on post P\u00e9\u010de o zubn\u00ed d\u00fdhy &#8211; co byste m\u011bli v\u011bd\u011bt?\"><\/a>\n\t\t\t\t\n\t\t\t\t\t\t\t\t\t\t\t\t<div class=\"wd-post-date wd-style-with-bg\">\n\t\t\t\t<span class=\"post-date-day\">\n\t\t\t\t\t10\t\t\t\t<\/span>\n\t\t\t\t<span class=\"post-date-month\">\n\t\t\t\t\t\u00dano\t\t\t\t<\/span>\n\t\t\t<\/div>\n\t\t\t\t\t\t\t\t\t<\/div>\n\t\t\n\t\t<div class=\"wd-post-content article-body-container\">\n\t\t\t\n\t\t\t\t\t\t\t<h3 class=\"wd-post-title wd-entities-title title post-title\">\n\t\t\t\t\t<a href=\"https:\/\/denthelen.com\/cs\/pece-o-zubni-fazety\/\" rel=\"bookmark\">P\u00e9\u010de o zubn\u00ed d\u00fdhy &#8211; co byste m\u011bli v\u011bd\u011bt?<\/a>\n\t\t\t\t<\/h3>\n\t\t\t\n\t\t\t\n\t\t\t\t\t\t\t\t\t\t\t\t<div class=\"wd-post-excerpt entry-content\">\n\t\t\t\t\t\tCo m\u016f\u017eete o\u010dek\u00e1vat po po\u0159\u00edzen\u00ed zubn\u00edch d\u00fdh?\n\nDent\u00e1ln\u00ed fazety na klinice Helen Clinic - Antalya jsou vynikaj\u00edc\u00edm zp\u016fsobem, jak vylep\u0161it ...\t\t\t\t\t<\/div>\n\t\t\t\t\n\t\t\t\t\t\t\t\t\t\t\t\t\t\t<div class=\"wd-post-read-more wd-style-link read-more-section\">\n\t\t\t\t\t\t<a class=\"\" href=\"https:\/\/denthelen.com\/cs\/pece-o-zubni-fazety\/\">Pokra\u010dovat ve \u010dten\u00ed<\/a>\t\t\t\t\t<\/div>\n\t\t\t\t\t\t\t\t\t\t\t\t\t<\/div>\n\t<\/div>\n<\/article>\n\n\t\t\t\t\t\t\t\t\t\t\t\n<article id=\"post-11438\" class=\"wd-post blog-design-masonry blog-post-loop blog-style-bg wd-add-shadow wd-col post-11438 post type-post status-publish format-standard has-post-thumbnail hentry category-nasledna-pece\">\n\t<div class=\"wd-post-inner article-inner\">\n\t\t\t\t\t<div class=\"wd-post-thumb entry-header\">\n\t\t\t\t\t\t\t\t\t<div class=\"wd-post-img post-img-wrapp\">\n\t\t\t\t\t\t<img width=\"1200\" height=\"800\" src=\"https:\/\/denthelen.com\/wp-content\/themes\/woodmart\/images\/lazy.svg\" class=\"attachment-full size-full wd-lazy-fade\" alt=\"\" decoding=\"async\" srcset=\"\" sizes=\"(max-width: 1200px) 100vw, 1200px\" data-src=\"https:\/\/denthelen.com\/wp-content\/uploads\/2025\/02\/orthodontic-treatment-aftercare-2025.jpg\" data-srcset=\"https:\/\/denthelen.com\/wp-content\/uploads\/2025\/02\/orthodontic-treatment-aftercare-2025.jpg 1200w, https:\/\/denthelen.com\/wp-content\/uploads\/2025\/02\/orthodontic-treatment-aftercare-2025-300x200.jpg 300w, https:\/\/denthelen.com\/wp-content\/uploads\/2025\/02\/orthodontic-treatment-aftercare-2025-1024x683.jpg 1024w, https:\/\/denthelen.com\/wp-content\/uploads\/2025\/02\/orthodontic-treatment-aftercare-2025-768x512.jpg 768w\" \/>\t\t\t\t\t<\/div>\n\t\t\t\t\t\t\t\t\t\t<a class=\"wd-fill\" tabindex=\"-1\" href=\"https:\/\/denthelen.com\/cs\/ortodonticka-lecba-nasledna-pece\/\" aria-label=\"Link on post Ortodontick\u00e1 p\u00e9\u010de po l\u00e9\u010db\u011b &#8211; co byste m\u011bli v\u011bd\u011bt?\"><\/a>\n\t\t\t\t\n\t\t\t\t\t\t\t\t\t\t\t\t<div class=\"wd-post-date wd-style-with-bg\">\n\t\t\t\t<span class=\"post-date-day\">\n\t\t\t\t\t10\t\t\t\t<\/span>\n\t\t\t\t<span class=\"post-date-month\">\n\t\t\t\t\t\u00dano\t\t\t\t<\/span>\n\t\t\t<\/div>\n\t\t\t\t\t\t\t\t\t<\/div>\n\t\t\n\t\t<div class=\"wd-post-content article-body-container\">\n\t\t\t\n\t\t\t\t\t\t\t<h3 class=\"wd-post-title wd-entities-title title post-title\">\n\t\t\t\t\t<a href=\"https:\/\/denthelen.com\/cs\/ortodonticka-lecba-nasledna-pece\/\" rel=\"bookmark\">Ortodontick\u00e1 p\u00e9\u010de po l\u00e9\u010db\u011b &#8211; co byste m\u011bli v\u011bd\u011bt?<\/a>\n\t\t\t\t<\/h3>\n\t\t\t\n\t\t\t\n\t\t\t\t\t\t\t\t\t\t\t\t<div class=\"wd-post-excerpt entry-content\">\n\t\t\t\t\t\tCo o\u010dek\u00e1vat po po\u0159\u00edzen\u00ed rovn\u00e1tek nebo rovn\u00e1tek?Z\u00e1kladn\u00ed tipy pro n\u00e1slednou p\u00e9\u010di pro pohodlnou ortodontickou l\u00e9\u010dbuJak zvl\u00e1dnout bolest a...\t\t\t\t\t<\/div>\n\t\t\t\t\n\t\t\t\t\t\t\t\t\t\t\t\t\t\t<div class=\"wd-post-read-more wd-style-link read-more-section\">\n\t\t\t\t\t\t<a class=\"\" href=\"https:\/\/denthelen.com\/cs\/ortodonticka-lecba-nasledna-pece\/\">Pokra\u010dovat ve \u010dten\u00ed<\/a>\t\t\t\t\t<\/div>\n\t\t\t\t\t\t\t\t\t\t\t\t\t<\/div>\n\t<\/div>\n<\/article>\n\n\t\t\t\t\t\n\t\t\t\t\t","status":"have-posts","nextPage":"https:\/\/denthelen.com\/cs\/blogy\/page\/4\/?woo_ajax=1","currentPage":"https:\/\/denthelen.com\/cs\/blogy\/page\/3\/"}