
			
				

					
				

			
		{"items":"\n\t\t\t\t\t\t\t\t\t\t\t\n<article id=\"post-7724\" class=\"wd-post blog-design-masonry blog-post-loop blog-style-bg wd-add-shadow wd-col post-7724 post type-post status-publish format-standard has-post-thumbnail hentry category-noticias-medicas\">\n\t<div class=\"wd-post-inner article-inner\">\n\t\t\t\t\t<div class=\"wd-post-thumb entry-header\">\n\t\t\t\t\t\t\t\t\t<div class=\"wd-post-img post-img-wrapp\">\n\t\t\t\t\t\t<img width=\"1200\" height=\"800\" src=\"https:\/\/denthelen.com\/wp-content\/uploads\/2024\/10\/Why-Are-Veneers-Cheaper-in-Turkey.webp\" class=\"attachment-full size-full\" alt=\"\" decoding=\"async\" fetchpriority=\"high\" srcset=\"https:\/\/denthelen.com\/wp-content\/uploads\/2024\/10\/Why-Are-Veneers-Cheaper-in-Turkey.webp 1200w, https:\/\/denthelen.com\/wp-content\/uploads\/2024\/10\/Why-Are-Veneers-Cheaper-in-Turkey-300x200.webp 300w, https:\/\/denthelen.com\/wp-content\/uploads\/2024\/10\/Why-Are-Veneers-Cheaper-in-Turkey-1024x683.webp 1024w, https:\/\/denthelen.com\/wp-content\/uploads\/2024\/10\/Why-Are-Veneers-Cheaper-in-Turkey-768x512.webp 768w\" sizes=\"(max-width: 1200px) 100vw, 1200px\" \/>\t\t\t\t\t<\/div>\n\t\t\t\t\t\t\t\t\t\t<a class=\"wd-fill\" tabindex=\"-1\" href=\"https:\/\/denthelen.com\/pt-pt\/porque-e-que-os-folheados-sao-mais-baratos-na-turquia\/\" aria-label=\"Link on post Porque \u00e9 que as facetas s\u00e3o mais baratas na Turquia?\"><\/a>\n\t\t\t\t\n\t\t\t\t\t\t\t\t\t\t\t\t<link rel=\"stylesheet\" id=\"wd-post-types-mod-date-style-bg-css\" href=\"https:\/\/denthelen.com\/wp-content\/themes\/woodmart\/css\/parts\/post-types-mod-date-style-bg.min.css?ver=8.3.9\" type=\"text\/css\" media=\"all\" \/> \t\t\t\t\t\t<div class=\"wd-post-date wd-style-with-bg\">\n\t\t\t\t<span class=\"post-date-day\">\n\t\t\t\t\t05\t\t\t\t<\/span>\n\t\t\t\t<span class=\"post-date-month\">\n\t\t\t\t\tOut\t\t\t\t<\/span>\n\t\t\t<\/div>\n\t\t\t\t\t\t\t\t\t<\/div>\n\t\t\n\t\t<div class=\"wd-post-content article-body-container\">\n\t\t\t\n\t\t\t\t\t\t\t<h3 class=\"wd-post-title wd-entities-title title post-title\">\n\t\t\t\t\t<a href=\"https:\/\/denthelen.com\/pt-pt\/porque-e-que-os-folheados-sao-mais-baratos-na-turquia\/\" rel=\"bookmark\">Porque \u00e9 que as facetas s\u00e3o mais baratas na Turquia?<\/a>\n\t\t\t\t<\/h3>\n\t\t\t\n\t\t\t\n\t\t\t\t\t\t\t\t\t\t\t\t<div class=\"wd-post-excerpt entry-content\">\n\t\t\t\t\t\tAs facetas dent\u00e1rias tornaram-se uma das estrat\u00e9gias cosm\u00e9ticas mais populares para quem procura decorar o seu sorriso. Quer seja para ...\t\t\t\t\t<\/div>\n\t\t\t\t\n\t\t\t\t\t\t\t\t\t\t\t\t\t\t<div class=\"wd-post-read-more wd-style-link read-more-section\">\n\t\t\t\t\t\t<a class=\"\" href=\"https:\/\/denthelen.com\/pt-pt\/porque-e-que-os-folheados-sao-mais-baratos-na-turquia\/\">Continuar a ler<\/a>\t\t\t\t\t<\/div>\n\t\t\t\t\t\t\t\t\t\t\t\t\t<\/div>\n\t<\/div>\n<\/article>\n\n\t\t\t\t\t\t\t\t\t\t\t\n<article id=\"post-7722\" class=\"wd-post blog-design-masonry blog-post-loop blog-style-bg wd-add-shadow wd-col post-7722 post type-post status-publish format-standard has-post-thumbnail hentry category-noticias-medicas\">\n\t<div class=\"wd-post-inner article-inner\">\n\t\t\t\t\t<div class=\"wd-post-thumb entry-header\">\n\t\t\t\t\t\t\t\t\t<div class=\"wd-post-img post-img-wrapp\">\n\t\t\t\t\t\t<img width=\"1200\" height=\"800\" src=\"https:\/\/denthelen.com\/wp-content\/themes\/woodmart\/images\/lazy.svg\" class=\"attachment-full size-full wd-lazy-fade\" alt=\"\" decoding=\"async\" srcset=\"\" sizes=\"(max-width: 1200px) 100vw, 1200px\" data-src=\"https:\/\/denthelen.com\/wp-content\/uploads\/2024\/10\/How-Much-Is-A-Full-Set-of-Veneers-in-Turkey.webp\" data-srcset=\"https:\/\/denthelen.com\/wp-content\/uploads\/2024\/10\/How-Much-Is-A-Full-Set-of-Veneers-in-Turkey.webp 1200w, https:\/\/denthelen.com\/wp-content\/uploads\/2024\/10\/How-Much-Is-A-Full-Set-of-Veneers-in-Turkey-300x200.webp 300w, https:\/\/denthelen.com\/wp-content\/uploads\/2024\/10\/How-Much-Is-A-Full-Set-of-Veneers-in-Turkey-1024x683.webp 1024w, https:\/\/denthelen.com\/wp-content\/uploads\/2024\/10\/How-Much-Is-A-Full-Set-of-Veneers-in-Turkey-768x512.webp 768w\" \/>\t\t\t\t\t<\/div>\n\t\t\t\t\t\t\t\t\t\t<a class=\"wd-fill\" tabindex=\"-1\" href=\"https:\/\/denthelen.com\/pt-pt\/quanto-custa-um-conjunto-completo-de-folheados-na-turquia\/\" aria-label=\"Link on post Quanto custa um conjunto completo de facetas na Turquia?\"><\/a>\n\t\t\t\t\n\t\t\t\t\t\t\t\t\t\t\t\t<div class=\"wd-post-date wd-style-with-bg\">\n\t\t\t\t<span class=\"post-date-day\">\n\t\t\t\t\t05\t\t\t\t<\/span>\n\t\t\t\t<span class=\"post-date-month\">\n\t\t\t\t\tOut\t\t\t\t<\/span>\n\t\t\t<\/div>\n\t\t\t\t\t\t\t\t\t<\/div>\n\t\t\n\t\t<div class=\"wd-post-content article-body-container\">\n\t\t\t\n\t\t\t\t\t\t\t<h3 class=\"wd-post-title wd-entities-title title post-title\">\n\t\t\t\t\t<a href=\"https:\/\/denthelen.com\/pt-pt\/quanto-custa-um-conjunto-completo-de-folheados-na-turquia\/\" rel=\"bookmark\">Quanto custa um conjunto completo de facetas na Turquia?<\/a>\n\t\t\t\t<\/h3>\n\t\t\t\n\t\t\t\n\t\t\t\t\t\t\t\t\t\t\t\t<div class=\"wd-post-excerpt entry-content\">\n\t\t\t\t\t\tSe voc\u00ea est\u00e1 insatisfeito com a chegada de seus dentes e est\u00e1 procurando uma resposta de baixo custo e de primeira linha, folheados den...\t\t\t\t\t<\/div>\n\t\t\t\t\n\t\t\t\t\t\t\t\t\t\t\t\t\t\t<div class=\"wd-post-read-more wd-style-link read-more-section\">\n\t\t\t\t\t\t<a class=\"\" href=\"https:\/\/denthelen.com\/pt-pt\/quanto-custa-um-conjunto-completo-de-folheados-na-turquia\/\">Continuar a ler<\/a>\t\t\t\t\t<\/div>\n\t\t\t\t\t\t\t\t\t\t\t\t\t<\/div>\n\t<\/div>\n<\/article>\n\n\t\t\t\t\t\t\t\t\t\t\t\n<article id=\"post-7720\" class=\"wd-post blog-design-masonry blog-post-loop blog-style-bg wd-add-shadow wd-col post-7720 post type-post status-publish format-standard has-post-thumbnail hentry category-noticias-medicas\">\n\t<div class=\"wd-post-inner article-inner\">\n\t\t\t\t\t<div class=\"wd-post-thumb entry-header\">\n\t\t\t\t\t\t\t\t\t<div class=\"wd-post-img post-img-wrapp\">\n\t\t\t\t\t\t<img width=\"1200\" height=\"800\" src=\"https:\/\/denthelen.com\/wp-content\/themes\/woodmart\/images\/lazy.svg\" class=\"attachment-full size-full wd-lazy-fade\" alt=\"\" decoding=\"async\" srcset=\"\" sizes=\"(max-width: 1200px) 100vw, 1200px\" data-src=\"https:\/\/denthelen.com\/wp-content\/uploads\/2024\/10\/Composite-Bonding-After-5-Years-What-to-Expect.webp\" data-srcset=\"https:\/\/denthelen.com\/wp-content\/uploads\/2024\/10\/Composite-Bonding-After-5-Years-What-to-Expect.webp 1200w, https:\/\/denthelen.com\/wp-content\/uploads\/2024\/10\/Composite-Bonding-After-5-Years-What-to-Expect-300x200.webp 300w, https:\/\/denthelen.com\/wp-content\/uploads\/2024\/10\/Composite-Bonding-After-5-Years-What-to-Expect-1024x683.webp 1024w, https:\/\/denthelen.com\/wp-content\/uploads\/2024\/10\/Composite-Bonding-After-5-Years-What-to-Expect-768x512.webp 768w\" \/>\t\t\t\t\t<\/div>\n\t\t\t\t\t\t\t\t\t\t<a class=\"wd-fill\" tabindex=\"-1\" href=\"https:\/\/denthelen.com\/pt-pt\/ligacao-por-composito-apos-5-anos-o-que-esperar\/\" aria-label=\"Link on post Colagem de comp\u00f3sito ap\u00f3s 5 anos: O que esperar\"><\/a>\n\t\t\t\t\n\t\t\t\t\t\t\t\t\t\t\t\t<div class=\"wd-post-date wd-style-with-bg\">\n\t\t\t\t<span class=\"post-date-day\">\n\t\t\t\t\t05\t\t\t\t<\/span>\n\t\t\t\t<span class=\"post-date-month\">\n\t\t\t\t\tOut\t\t\t\t<\/span>\n\t\t\t<\/div>\n\t\t\t\t\t\t\t\t\t<\/div>\n\t\t\n\t\t<div class=\"wd-post-content article-body-container\">\n\t\t\t\n\t\t\t\t\t\t\t<h3 class=\"wd-post-title wd-entities-title title post-title\">\n\t\t\t\t\t<a href=\"https:\/\/denthelen.com\/pt-pt\/ligacao-por-composito-apos-5-anos-o-que-esperar\/\" rel=\"bookmark\">Colagem de comp\u00f3sito ap\u00f3s 5 anos: O que esperar<\/a>\n\t\t\t\t<\/h3>\n\t\t\t\n\t\t\t\n\t\t\t\t\t\t\t\t\t\t\t\t<div class=\"wd-post-excerpt entry-content\">\n\t\t\t\t\t\tA colagem de comp\u00f3sito \u00e9 um m\u00e9todo dent\u00e1rio cosm\u00e9tico popular e de pre\u00e7o razo\u00e1vel utilizado para restaurar pequenas imperfei\u00e7\u00f5es nos de...\t\t\t\t\t<\/div>\n\t\t\t\t\n\t\t\t\t\t\t\t\t\t\t\t\t\t\t<div class=\"wd-post-read-more wd-style-link read-more-section\">\n\t\t\t\t\t\t<a class=\"\" href=\"https:\/\/denthelen.com\/pt-pt\/ligacao-por-composito-apos-5-anos-o-que-esperar\/\">Continuar a ler<\/a>\t\t\t\t\t<\/div>\n\t\t\t\t\t\t\t\t\t\t\t\t\t<\/div>\n\t<\/div>\n<\/article>\n\n\t\t\t\t\t\t\t\t\t\t\t\n<article id=\"post-7718\" class=\"wd-post blog-design-masonry blog-post-loop blog-style-bg wd-add-shadow wd-col post-7718 post type-post status-publish format-standard has-post-thumbnail hentry category-noticias-medicas\">\n\t<div class=\"wd-post-inner article-inner\">\n\t\t\t\t\t<div class=\"wd-post-thumb entry-header\">\n\t\t\t\t\t\t\t\t\t<div class=\"wd-post-img post-img-wrapp\">\n\t\t\t\t\t\t<img width=\"1200\" height=\"800\" src=\"https:\/\/denthelen.com\/wp-content\/themes\/woodmart\/images\/lazy.svg\" class=\"attachment-full size-full wd-lazy-fade\" alt=\"\" decoding=\"async\" srcset=\"\" sizes=\"(max-width: 1200px) 100vw, 1200px\" data-src=\"https:\/\/denthelen.com\/wp-content\/uploads\/2024\/10\/How-Long-Does-Composite-Bonding-Take.webp\" data-srcset=\"https:\/\/denthelen.com\/wp-content\/uploads\/2024\/10\/How-Long-Does-Composite-Bonding-Take.webp 1200w, https:\/\/denthelen.com\/wp-content\/uploads\/2024\/10\/How-Long-Does-Composite-Bonding-Take-300x200.webp 300w, https:\/\/denthelen.com\/wp-content\/uploads\/2024\/10\/How-Long-Does-Composite-Bonding-Take-1024x683.webp 1024w, https:\/\/denthelen.com\/wp-content\/uploads\/2024\/10\/How-Long-Does-Composite-Bonding-Take-768x512.webp 768w\" \/>\t\t\t\t\t<\/div>\n\t\t\t\t\t\t\t\t\t\t<a class=\"wd-fill\" tabindex=\"-1\" href=\"https:\/\/denthelen.com\/pt-pt\/quanto-tempo-demora-a-ligacao-do-composto\/\" aria-label=\"Link on post Quanto tempo demora a colagem de comp\u00f3sito?\"><\/a>\n\t\t\t\t\n\t\t\t\t\t\t\t\t\t\t\t\t<div class=\"wd-post-date wd-style-with-bg\">\n\t\t\t\t<span class=\"post-date-day\">\n\t\t\t\t\t05\t\t\t\t<\/span>\n\t\t\t\t<span class=\"post-date-month\">\n\t\t\t\t\tOut\t\t\t\t<\/span>\n\t\t\t<\/div>\n\t\t\t\t\t\t\t\t\t<\/div>\n\t\t\n\t\t<div class=\"wd-post-content article-body-container\">\n\t\t\t\n\t\t\t\t\t\t\t<h3 class=\"wd-post-title wd-entities-title title post-title\">\n\t\t\t\t\t<a href=\"https:\/\/denthelen.com\/pt-pt\/quanto-tempo-demora-a-ligacao-do-composto\/\" rel=\"bookmark\">Quanto tempo demora a colagem de comp\u00f3sito?<\/a>\n\t\t\t\t<\/h3>\n\t\t\t\n\t\t\t\n\t\t\t\t\t\t\t\t\t\t\t\t<div class=\"wd-post-excerpt entry-content\">\n\t\t\t\t\t\tA colagem de comp\u00f3sitos \u00e9 uma abordagem dent\u00e1ria de esplendor famosa, concebida para lidar com pequenas imperfei\u00e7\u00f5es no esmalte, coleti...\t\t\t\t\t<\/div>\n\t\t\t\t\n\t\t\t\t\t\t\t\t\t\t\t\t\t\t<div class=\"wd-post-read-more wd-style-link read-more-section\">\n\t\t\t\t\t\t<a class=\"\" href=\"https:\/\/denthelen.com\/pt-pt\/quanto-tempo-demora-a-ligacao-do-composto\/\">Continuar a ler<\/a>\t\t\t\t\t<\/div>\n\t\t\t\t\t\t\t\t\t\t\t\t\t<\/div>\n\t<\/div>\n<\/article>\n\n\t\t\t\t\t\t\t\t\t\t\t\n<article id=\"post-7714\" class=\"wd-post blog-design-masonry blog-post-loop blog-style-bg wd-add-shadow wd-col post-7714 post type-post status-publish format-standard has-post-thumbnail hentry category-noticias-medicas\">\n\t<div class=\"wd-post-inner article-inner\">\n\t\t\t\t\t<div class=\"wd-post-thumb entry-header\">\n\t\t\t\t\t\t\t\t\t<div class=\"wd-post-img post-img-wrapp\">\n\t\t\t\t\t\t<img width=\"1200\" height=\"800\" src=\"https:\/\/denthelen.com\/wp-content\/themes\/woodmart\/images\/lazy.svg\" class=\"attachment-full size-full wd-lazy-fade\" alt=\"\" decoding=\"async\" srcset=\"\" sizes=\"(max-width: 1200px) 100vw, 1200px\" data-src=\"https:\/\/denthelen.com\/wp-content\/uploads\/2024\/10\/implant.jpg\" data-srcset=\"https:\/\/denthelen.com\/wp-content\/uploads\/2024\/10\/implant.jpg 1200w, https:\/\/denthelen.com\/wp-content\/uploads\/2024\/10\/implant-300x200.jpg 300w, https:\/\/denthelen.com\/wp-content\/uploads\/2024\/10\/implant-1024x683.jpg 1024w, https:\/\/denthelen.com\/wp-content\/uploads\/2024\/10\/implant-768x512.jpg 768w\" \/>\t\t\t\t\t<\/div>\n\t\t\t\t\t\t\t\t\t\t<a class=\"wd-fill\" tabindex=\"-1\" href=\"https:\/\/denthelen.com\/pt-pt\/porque-escolher-nos-para-implantes-dentarios-na-turquia\/\" aria-label=\"Link on post Porqu\u00ea escolher-nos para implantes dent\u00e1rios na Turquia?\"><\/a>\n\t\t\t\t\n\t\t\t\t\t\t\t\t\t\t\t\t<div class=\"wd-post-date wd-style-with-bg\">\n\t\t\t\t<span class=\"post-date-day\">\n\t\t\t\t\t05\t\t\t\t<\/span>\n\t\t\t\t<span class=\"post-date-month\">\n\t\t\t\t\tOut\t\t\t\t<\/span>\n\t\t\t<\/div>\n\t\t\t\t\t\t\t\t\t<\/div>\n\t\t\n\t\t<div class=\"wd-post-content article-body-container\">\n\t\t\t\n\t\t\t\t\t\t\t<h3 class=\"wd-post-title wd-entities-title title post-title\">\n\t\t\t\t\t<a href=\"https:\/\/denthelen.com\/pt-pt\/porque-escolher-nos-para-implantes-dentarios-na-turquia\/\" rel=\"bookmark\">Porqu\u00ea escolher-nos para implantes dent\u00e1rios na Turquia?<\/a>\n\t\t\t\t<\/h3>\n\t\t\t\n\t\t\t\n\t\t\t\t\t\t\t\t\t\t\t\t<div class=\"wd-post-excerpt entry-content\">\n\t\t\t\t\t\tIntrodu\u00e7\u00e3o\n\nOs implantes dent\u00e1rios est\u00e3o a tornar-se, cada vez mais, a resposta preferida das pessoas que procuram restaurar o seu sorr...\t\t\t\t\t<\/div>\n\t\t\t\t\n\t\t\t\t\t\t\t\t\t\t\t\t\t\t<div class=\"wd-post-read-more wd-style-link read-more-section\">\n\t\t\t\t\t\t<a class=\"\" href=\"https:\/\/denthelen.com\/pt-pt\/porque-escolher-nos-para-implantes-dentarios-na-turquia\/\">Continuar a ler<\/a>\t\t\t\t\t<\/div>\n\t\t\t\t\t\t\t\t\t\t\t\t\t<\/div>\n\t<\/div>\n<\/article>\n\n\t\t\t\t\t\t\t\t\t\t\t\n<article id=\"post-6769\" class=\"wd-post blog-design-masonry blog-post-loop blog-style-bg wd-add-shadow wd-col post-6769 post type-post status-publish format-standard has-post-thumbnail hentry category-noticias-medicas\">\n\t<div class=\"wd-post-inner article-inner\">\n\t\t\t\t\t<div class=\"wd-post-thumb entry-header\">\n\t\t\t\t\t\t\t\t\t<div class=\"wd-post-img post-img-wrapp\">\n\t\t\t\t\t\t<img width=\"1200\" height=\"800\" src=\"https:\/\/denthelen.com\/wp-content\/themes\/woodmart\/images\/lazy.svg\" class=\"attachment-full size-full wd-lazy-fade\" alt=\"Dental Implant Cost, Price 2024 Dent Helen\" decoding=\"async\" srcset=\"\" sizes=\"(max-width: 1200px) 100vw, 1200px\" data-src=\"https:\/\/denthelen.com\/wp-content\/uploads\/2024\/09\/implant.webp\" data-srcset=\"https:\/\/denthelen.com\/wp-content\/uploads\/2024\/09\/implant.webp 1200w, https:\/\/denthelen.com\/wp-content\/uploads\/2024\/09\/implant-300x200.webp 300w, https:\/\/denthelen.com\/wp-content\/uploads\/2024\/09\/implant-1024x683.webp 1024w, https:\/\/denthelen.com\/wp-content\/uploads\/2024\/09\/implant-768x512.webp 768w\" \/>\t\t\t\t\t<\/div>\n\t\t\t\t\t\t\t\t\t\t<a class=\"wd-fill\" tabindex=\"-1\" href=\"https:\/\/denthelen.com\/pt-pt\/dental-implants-cost-antalya-turkey-2024\/\" aria-label=\"Link on post Custo dos implantes dent\u00e1rios Antalya, Turquia 2024\"><\/a>\n\t\t\t\t\n\t\t\t\t\t\t\t\t\t\t\t\t<div class=\"wd-post-date wd-style-with-bg\">\n\t\t\t\t<span class=\"post-date-day\">\n\t\t\t\t\t22\t\t\t\t<\/span>\n\t\t\t\t<span class=\"post-date-month\">\n\t\t\t\t\tSet\t\t\t\t<\/span>\n\t\t\t<\/div>\n\t\t\t\t\t\t\t\t\t<\/div>\n\t\t\n\t\t<div class=\"wd-post-content article-body-container\">\n\t\t\t\n\t\t\t\t\t\t\t<h3 class=\"wd-post-title wd-entities-title title post-title\">\n\t\t\t\t\t<a href=\"https:\/\/denthelen.com\/pt-pt\/dental-implants-cost-antalya-turkey-2024\/\" rel=\"bookmark\">Custo dos implantes dent\u00e1rios Antalya, Turquia 2024<\/a>\n\t\t\t\t<\/h3>\n\t\t\t\n\t\t\t\n\t\t\t\t\t\t\t\t\t\t\t\t<div class=\"wd-post-excerpt entry-content\">\n\t\t\t\t\t\tImplantes dent\u00e1rios; s\u00e3o parafusos biocompat\u00edveis que s\u00e3o recebidos a partir de uma liga de tit\u00e2nio e podem funcionar como uma raiz de ...\t\t\t\t\t<\/div>\n\t\t\t\t\n\t\t\t\t\t\t\t\t\t\t\t\t\t\t<div class=\"wd-post-read-more wd-style-link read-more-section\">\n\t\t\t\t\t\t<a class=\"\" href=\"https:\/\/denthelen.com\/pt-pt\/dental-implants-cost-antalya-turkey-2024\/\">Continuar a ler<\/a>\t\t\t\t\t<\/div>\n\t\t\t\t\t\t\t\t\t\t\t\t\t<\/div>\n\t<\/div>\n<\/article>\n\n\t\t\t\t\t\t\t\t\t\t\t\n<article id=\"post-5827\" class=\"wd-post blog-design-masonry blog-post-loop blog-style-bg wd-add-shadow wd-col post-5827 post type-post status-publish format-standard has-post-thumbnail hentry category-noticias-medicas\">\n\t<div class=\"wd-post-inner article-inner\">\n\t\t\t\t\t<div class=\"wd-post-thumb entry-header\">\n\t\t\t\t\t\t\t\t\t<div class=\"wd-post-img post-img-wrapp\">\n\t\t\t\t\t\t<img width=\"1200\" height=\"800\" src=\"https:\/\/denthelen.com\/wp-content\/themes\/woodmart\/images\/lazy.svg\" class=\"attachment-full size-full wd-lazy-fade\" alt=\"\" decoding=\"async\" srcset=\"\" sizes=\"(max-width: 1200px) 100vw, 1200px\" data-src=\"https:\/\/denthelen.com\/wp-content\/uploads\/2024\/07\/Dental-Care-Guide-2024.jpg\" data-srcset=\"https:\/\/denthelen.com\/wp-content\/uploads\/2024\/07\/Dental-Care-Guide-2024.jpg 1200w, https:\/\/denthelen.com\/wp-content\/uploads\/2024\/07\/Dental-Care-Guide-2024-300x200.jpg 300w, https:\/\/denthelen.com\/wp-content\/uploads\/2024\/07\/Dental-Care-Guide-2024-1024x683.jpg 1024w, https:\/\/denthelen.com\/wp-content\/uploads\/2024\/07\/Dental-Care-Guide-2024-768x512.jpg 768w\" \/>\t\t\t\t\t<\/div>\n\t\t\t\t\t\t\t\t\t\t<a class=\"wd-fill\" tabindex=\"-1\" href=\"https:\/\/denthelen.com\/pt-pt\/guia-completo-de-cuidados-dentarios\/\" aria-label=\"Link on post Guia completo de cuidados dent\u00e1rios\"><\/a>\n\t\t\t\t\n\t\t\t\t\t\t\t\t\t\t\t\t<div class=\"wd-post-date wd-style-with-bg\">\n\t\t\t\t<span class=\"post-date-day\">\n\t\t\t\t\t12\t\t\t\t<\/span>\n\t\t\t\t<span class=\"post-date-month\">\n\t\t\t\t\tJul\t\t\t\t<\/span>\n\t\t\t<\/div>\n\t\t\t\t\t\t\t\t\t<\/div>\n\t\t\n\t\t<div class=\"wd-post-content article-body-container\">\n\t\t\t\n\t\t\t\t\t\t\t<h3 class=\"wd-post-title wd-entities-title title post-title\">\n\t\t\t\t\t<a href=\"https:\/\/denthelen.com\/pt-pt\/guia-completo-de-cuidados-dentarios\/\" rel=\"bookmark\">Guia completo de cuidados dent\u00e1rios<\/a>\n\t\t\t\t<\/h3>\n\t\t\t\n\t\t\t\n\t\t\t\t\t\t\t\t\t\t\t\t<div class=\"wd-post-excerpt entry-content\">\n\t\t\t\t\t\tManter uma boa higiene oral \u00e9 essencial para a sa\u00fade e o bem-estar geral. Uma rotina abrangente de cuidados dent\u00e1rios envolve mais do q...\t\t\t\t\t<\/div>\n\t\t\t\t\n\t\t\t\t\t\t\t\t\t\t\t\t\t\t<div class=\"wd-post-read-more wd-style-link read-more-section\">\n\t\t\t\t\t\t<a class=\"\" href=\"https:\/\/denthelen.com\/pt-pt\/guia-completo-de-cuidados-dentarios\/\">Continuar a ler<\/a>\t\t\t\t\t<\/div>\n\t\t\t\t\t\t\t\t\t\t\t\t\t<\/div>\n\t<\/div>\n<\/article>\n\n\t\t\t\t\t\t\t\t\t\t\t\n<article id=\"post-5830\" class=\"wd-post blog-design-masonry blog-post-loop blog-style-bg wd-add-shadow wd-col post-5830 post type-post status-publish format-standard has-post-thumbnail hentry category-noticias-medicas\">\n\t<div class=\"wd-post-inner article-inner\">\n\t\t\t\t\t<div class=\"wd-post-thumb entry-header\">\n\t\t\t\t\t\t\t\t\t<div class=\"wd-post-img post-img-wrapp\">\n\t\t\t\t\t\t<img width=\"1200\" height=\"800\" src=\"https:\/\/denthelen.com\/wp-content\/themes\/woodmart\/images\/lazy.svg\" class=\"attachment-full size-full wd-lazy-fade\" alt=\"\" decoding=\"async\" srcset=\"\" sizes=\"(max-width: 1200px) 100vw, 1200px\" data-src=\"https:\/\/denthelen.com\/wp-content\/uploads\/2024\/07\/Dental-Crowns.jpg\" data-srcset=\"https:\/\/denthelen.com\/wp-content\/uploads\/2024\/07\/Dental-Crowns.jpg 1200w, https:\/\/denthelen.com\/wp-content\/uploads\/2024\/07\/Dental-Crowns-300x200.jpg 300w, https:\/\/denthelen.com\/wp-content\/uploads\/2024\/07\/Dental-Crowns-1024x683.jpg 1024w, https:\/\/denthelen.com\/wp-content\/uploads\/2024\/07\/Dental-Crowns-768x512.jpg 768w\" \/>\t\t\t\t\t<\/div>\n\t\t\t\t\t\t\t\t\t\t<a class=\"wd-fill\" tabindex=\"-1\" href=\"https:\/\/denthelen.com\/pt-pt\/implantes-dentarios-e-coroas-dentarias-o-que-e-mais-adequado-para-si\/\" aria-label=\"Link on post Implantes dent\u00e1rios e coroas dent\u00e1rias Qual \u00e9 o mais adequado para si?\"><\/a>\n\t\t\t\t\n\t\t\t\t\t\t\t\t\t\t\t\t<div class=\"wd-post-date wd-style-with-bg\">\n\t\t\t\t<span class=\"post-date-day\">\n\t\t\t\t\t12\t\t\t\t<\/span>\n\t\t\t\t<span class=\"post-date-month\">\n\t\t\t\t\tJul\t\t\t\t<\/span>\n\t\t\t<\/div>\n\t\t\t\t\t\t\t\t\t<\/div>\n\t\t\n\t\t<div class=\"wd-post-content article-body-container\">\n\t\t\t\n\t\t\t\t\t\t\t<h3 class=\"wd-post-title wd-entities-title title post-title\">\n\t\t\t\t\t<a href=\"https:\/\/denthelen.com\/pt-pt\/implantes-dentarios-e-coroas-dentarias-o-que-e-mais-adequado-para-si\/\" rel=\"bookmark\">Implantes dent\u00e1rios e coroas dent\u00e1rias Qual \u00e9 o mais adequado para si?<\/a>\n\t\t\t\t<\/h3>\n\t\t\t\n\t\t\t\n\t\t\t\t\t\t\t\t\t\t\t\t<div class=\"wd-post-excerpt entry-content\">\n\t\t\t\t\t\tA escolha da restaura\u00e7\u00e3o dent\u00e1ria correta pode ter um impacto significativo na sua sa\u00fade oral e na sua qualidade de vida. Os implantes ...\t\t\t\t\t<\/div>\n\t\t\t\t\n\t\t\t\t\t\t\t\t\t\t\t\t\t\t<div class=\"wd-post-read-more wd-style-link read-more-section\">\n\t\t\t\t\t\t<a class=\"\" href=\"https:\/\/denthelen.com\/pt-pt\/implantes-dentarios-e-coroas-dentarias-o-que-e-mais-adequado-para-si\/\">Continuar a ler<\/a>\t\t\t\t\t<\/div>\n\t\t\t\t\t\t\t\t\t\t\t\t\t<\/div>\n\t<\/div>\n<\/article>\n\n\t\t\t\t\t\t\t\t\t\t\t\n<article id=\"post-5833\" class=\"wd-post blog-design-masonry blog-post-loop blog-style-bg wd-add-shadow wd-col post-5833 post type-post status-publish format-standard has-post-thumbnail hentry category-noticias-medicas\">\n\t<div class=\"wd-post-inner article-inner\">\n\t\t\t\t\t<div class=\"wd-post-thumb entry-header\">\n\t\t\t\t\t\t\t\t\t<div class=\"wd-post-img post-img-wrapp\">\n\t\t\t\t\t\t<img width=\"1200\" height=\"800\" src=\"https:\/\/denthelen.com\/wp-content\/themes\/woodmart\/images\/lazy.svg\" class=\"attachment-full size-full wd-lazy-fade\" alt=\"\" decoding=\"async\" srcset=\"\" sizes=\"(max-width: 1200px) 100vw, 1200px\" data-src=\"https:\/\/denthelen.com\/wp-content\/uploads\/2024\/07\/Dental-Crowns-Procedures-Turkey-2024.jpg\" data-srcset=\"https:\/\/denthelen.com\/wp-content\/uploads\/2024\/07\/Dental-Crowns-Procedures-Turkey-2024.jpg 1200w, https:\/\/denthelen.com\/wp-content\/uploads\/2024\/07\/Dental-Crowns-Procedures-Turkey-2024-300x200.jpg 300w, https:\/\/denthelen.com\/wp-content\/uploads\/2024\/07\/Dental-Crowns-Procedures-Turkey-2024-1024x683.jpg 1024w, https:\/\/denthelen.com\/wp-content\/uploads\/2024\/07\/Dental-Crowns-Procedures-Turkey-2024-768x512.jpg 768w\" \/>\t\t\t\t\t<\/div>\n\t\t\t\t\t\t\t\t\t\t<a class=\"wd-fill\" tabindex=\"-1\" href=\"https:\/\/denthelen.com\/pt-pt\/procedimentos-e-beneficios-para-coroas-dentarias\/\" aria-label=\"Link on post Procedimentos e benef\u00edcios para coroas dent\u00e1rias\"><\/a>\n\t\t\t\t\n\t\t\t\t\t\t\t\t\t\t\t\t<div class=\"wd-post-date wd-style-with-bg\">\n\t\t\t\t<span class=\"post-date-day\">\n\t\t\t\t\t12\t\t\t\t<\/span>\n\t\t\t\t<span class=\"post-date-month\">\n\t\t\t\t\tJul\t\t\t\t<\/span>\n\t\t\t<\/div>\n\t\t\t\t\t\t\t\t\t<\/div>\n\t\t\n\t\t<div class=\"wd-post-content article-body-container\">\n\t\t\t\n\t\t\t\t\t\t\t<h3 class=\"wd-post-title wd-entities-title title post-title\">\n\t\t\t\t\t<a href=\"https:\/\/denthelen.com\/pt-pt\/procedimentos-e-beneficios-para-coroas-dentarias\/\" rel=\"bookmark\">Procedimentos e benef\u00edcios para coroas dent\u00e1rias<\/a>\n\t\t\t\t<\/h3>\n\t\t\t\n\t\t\t\n\t\t\t\t\t\t\t\t\t\t\t\t<div class=\"wd-post-excerpt entry-content\">\n\t\t\t\t\t\tAs coroas dent\u00e1rias s\u00e3o uma solu\u00e7\u00e3o comum e eficaz para restaurar a forma, a for\u00e7a e a apar\u00eancia dos dentes danificados, forma, for\u00e7a e...\t\t\t\t\t<\/div>\n\t\t\t\t\n\t\t\t\t\t\t\t\t\t\t\t\t\t\t<div class=\"wd-post-read-more wd-style-link read-more-section\">\n\t\t\t\t\t\t<a class=\"\" href=\"https:\/\/denthelen.com\/pt-pt\/procedimentos-e-beneficios-para-coroas-dentarias\/\">Continuar a ler<\/a>\t\t\t\t\t<\/div>\n\t\t\t\t\t\t\t\t\t\t\t\t\t<\/div>\n\t<\/div>\n<\/article>\n\n\t\t\t\t\t\t\t\t\t\t\t\n<article id=\"post-5836\" class=\"wd-post blog-design-masonry blog-post-loop blog-style-bg wd-add-shadow wd-col post-5836 post type-post status-publish format-standard has-post-thumbnail hentry category-noticias-medicas\">\n\t<div class=\"wd-post-inner article-inner\">\n\t\t\t\t\t<div class=\"wd-post-thumb entry-header\">\n\t\t\t\t\t\t\t\t\t<div class=\"wd-post-img post-img-wrapp\">\n\t\t\t\t\t\t<img width=\"1200\" height=\"800\" src=\"https:\/\/denthelen.com\/wp-content\/themes\/woodmart\/images\/lazy.svg\" class=\"attachment-full size-full wd-lazy-fade\" alt=\"\" decoding=\"async\" srcset=\"\" sizes=\"(max-width: 1200px) 100vw, 1200px\" data-src=\"https:\/\/denthelen.com\/wp-content\/uploads\/2024\/07\/Dental-Implant-near-me.jpg\" data-srcset=\"https:\/\/denthelen.com\/wp-content\/uploads\/2024\/07\/Dental-Implant-near-me.jpg 1200w, https:\/\/denthelen.com\/wp-content\/uploads\/2024\/07\/Dental-Implant-near-me-300x200.jpg 300w, https:\/\/denthelen.com\/wp-content\/uploads\/2024\/07\/Dental-Implant-near-me-1024x683.jpg 1024w, https:\/\/denthelen.com\/wp-content\/uploads\/2024\/07\/Dental-Implant-near-me-768x512.jpg 768w\" \/>\t\t\t\t\t<\/div>\n\t\t\t\t\t\t\t\t\t\t<a class=\"wd-fill\" tabindex=\"-1\" href=\"https:\/\/denthelen.com\/pt-pt\/tudo-o-que-precisa-de-saber-sobre-implantes-dentarios\/\" aria-label=\"Link on post Tudo o que precisa de saber sobre implantes dent\u00e1rios\"><\/a>\n\t\t\t\t\n\t\t\t\t\t\t\t\t\t\t\t\t<div class=\"wd-post-date wd-style-with-bg\">\n\t\t\t\t<span class=\"post-date-day\">\n\t\t\t\t\t12\t\t\t\t<\/span>\n\t\t\t\t<span class=\"post-date-month\">\n\t\t\t\t\tJul\t\t\t\t<\/span>\n\t\t\t<\/div>\n\t\t\t\t\t\t\t\t\t<\/div>\n\t\t\n\t\t<div class=\"wd-post-content article-body-container\">\n\t\t\t\n\t\t\t\t\t\t\t<h3 class=\"wd-post-title wd-entities-title title post-title\">\n\t\t\t\t\t<a href=\"https:\/\/denthelen.com\/pt-pt\/tudo-o-que-precisa-de-saber-sobre-implantes-dentarios\/\" rel=\"bookmark\">Tudo o que precisa de saber sobre implantes dent\u00e1rios<\/a>\n\t\t\t\t<\/h3>\n\t\t\t\n\t\t\t\n\t\t\t\t\t\t\t\t\t\t\t\t<div class=\"wd-post-excerpt entry-content\">\n\t\t\t\t\t\tOs implantes dent\u00e1rios revolucionaram o campo da medicina dent\u00e1ria, oferecendo uma solu\u00e7\u00e3o a longo prazo para a falta de dentes que par...\t\t\t\t\t<\/div>\n\t\t\t\t\n\t\t\t\t\t\t\t\t\t\t\t\t\t\t<div class=\"wd-post-read-more wd-style-link read-more-section\">\n\t\t\t\t\t\t<a class=\"\" href=\"https:\/\/denthelen.com\/pt-pt\/tudo-o-que-precisa-de-saber-sobre-implantes-dentarios\/\">Continuar a ler<\/a>\t\t\t\t\t<\/div>\n\t\t\t\t\t\t\t\t\t\t\t\t\t<\/div>\n\t<\/div>\n<\/article>\n\n\t\t\t\t\t\n\t\t\t\t\t","status":"have-posts","nextPage":"https:\/\/denthelen.com\/pt-pt\/noticias-medicas\/page\/6\/?woo_ajax=1","currentPage":"https:\/\/denthelen.com\/pt-pt\/noticias-medicas\/page\/5\/"}